{"id":9703,"date":"2020-12-19T21:54:13","date_gmt":"2020-12-19T18:54:13","guid":{"rendered":"http:\/\/akdenizolaygazetesi.com\/?p=9703"},"modified":"2020-12-19T21:55:40","modified_gmt":"2020-12-19T18:55:40","slug":"mersin-buyuksehir-yilbasi-hazirliklarina-basladi","status":"publish","type":"post","link":"https:\/\/akdenizolaygazetesi.com\/?p=9703","title":{"rendered":"MERS\u0130N B\u00dcY\u00dcK\u015eEH\u0130R, YILBA\u015eI HAZIRLIKLARINA BA\u015eLADI"},"content":{"rendered":"<p>Mersin B\u00fcy\u00fck\u015fehir Belediyesi Park ve Bah\u00e7eler Dairesi Ba\u015fkanl\u0131\u011f\u0131, y\u0131lba\u015f\u0131 haz\u0131rl\u0131klar\u0131 kapsam\u0131nda marangozhane ve kaynak at\u00f6lyesinde \u00fcretimlere ba\u015flad\u0131. Hediye paketi, \u00e7am a\u011fac\u0131, Noel Baba ve geyik gibi farkl\u0131 bir\u00e7ok \u00fcr\u00fcn kav\u015faklar\u0131 s\u00fcsleyecek.<\/p>\n<p>Marangozhane ve kaynak at\u00f6lyesinde fig\u00fcrler \u00fcretiliyor<\/p>\n<p>B\u00fcy\u00fck\u015fehir Belediyesi, 4 g\u00fcnl\u00fck soka\u011fa \u00e7\u0131kma yasa\u011f\u0131n\u0131n uygulanaca\u011f\u0131 y\u0131lba\u015f\u0131 i\u00e7in kentin i\u015flek caddelerini s\u00fcsl\u00fcyor. Marangozhanede Noel Baba\u2019dan \u00e7am a\u011fac\u0131na, geyikten \u015feker fig\u00fcrlerine kadar bir\u00e7ok \u00fcr\u00fcn haz\u0131rlan\u0131yor. Kaynak at\u00f6lyesinde ise \u20182021\u2019 yaz\u0131s\u0131 ve \u00e7am a\u011fac\u0131 iskeleti olu\u015fturuluyor. Olu\u015fturulan iskeletler \u0131\u015f\u0131kla s\u00fcslenerek kentin i\u015flek caddelerindeki kav\u015faklara yerle\u015ftirilecek.<\/p>\n<p>\u201c2021\u2019i \u0131\u015f\u0131l \u0131\u015f\u0131l kar\u015f\u0131lamak istedik\u201d<\/p>\n<p>Park ve Bah\u00e7eler Dairesi Ba\u015fkan\u0131 G\u00f6her \u015eahin, 2021 y\u0131l\u0131n\u0131 Mersin\u2019de \u0131\u015f\u0131l \u0131\u015f\u0131l kar\u015f\u0131lamak istediklerini ifade ederek, \u201cS\u0131k\u0131nt\u0131l\u0131 ve zor bir s\u00fcre\u00e7 i\u00e7erisinden ge\u00e7ti\u011fimiz \u015fu g\u00fcnlerde, 2021 y\u0131l\u0131n\u0131 insanlar\u0131n i\u00e7ini \u0131s\u0131tacak ve mutlu edecek \u0131\u015f\u0131kl\u0131 g\u00f6rsellerle kar\u015f\u0131lamak istedik. Kentimizde bulunan ref\u00fcj ve kav\u015faklar\u0131 s\u00fcsledi\u011fimiz \u0131\u015f\u0131kl\u0131 g\u00f6rselleri kendi at\u00f6lyelerimizde, kendi ekiplerimizle haz\u0131rlad\u0131k. 2021 y\u0131l\u0131n\u0131n sa\u011fl\u0131k ve huzur getirmesini diliyoruz\u201d dedi.<\/p>\n<p>\u201cBaz\u0131 muhtelif yerlere fig\u00fcrler ve g\u00f6rseller koyaca\u011f\u0131z\u201d<\/p>\n<p>Park ve Bah\u00e7eler Dairesi Ba\u015fkanl\u0131\u011f\u0131\u2019nda g\u00f6revli heykelt\u0131ra\u015f Okan Apak, yap\u0131lan \u00e7al\u0131\u015fmayla ilgili olarak, \u201c2021\u2019de zaten kutlamalar\u0131m\u0131z olmayacak. Ama onun \u00f6ncesinde insanlar\u0131n bir nebze de olsa ne\u015fesini yerine getirelim diye baz\u0131 muhtelif yerlere fig\u00fcrler ve g\u00f6rseller koyaca\u011f\u0131z. I\u015f\u0131kl\u0131 2021 yaz\u0131m\u0131z, y\u0131lba\u015f\u0131 a\u011fa\u00e7lar\u0131m\u0131z, Noel Baba, kardan adam gibi y\u0131lba\u015f\u0131n\u0131 anlatan bir\u00e7ok fig\u00fcr\u00fcm\u00fcz olacak\u201d dedi. Ressam G\u00fcven Bozkurt ise \u201c\u00c7al\u0131\u015fma, ekip ruhuyla alakal\u0131 bir \u015fey asl\u0131nda. Ben de haz\u0131r gelen platformlara resim yap\u0131yorum, s\u00fcsl\u00fcyorum. Y\u0131lba\u015f\u0131na \u00f6zel bir formata getirmeye \u00e7al\u0131\u015f\u0131yoruz\u201d diye konu\u015ftu.<\/p>\n<p>\u201c\u0130\u015fbirli\u011fi ve koordinasyon i\u00e7inde bir i\u015f \u00e7\u0131kartmaya \u00e7al\u0131\u015f\u0131yoruz\u201d<\/p>\n<p>Marangozhane sorumlusu Murat Y\u0131ld\u0131r\u0131m da i\u015fbirli\u011fi i\u00e7erisinde bir \u00e7al\u0131\u015fma y\u00fcr\u00fctt\u00fcklerine dikkat \u00e7ekerek, \u201cBir nebze olsun halk\u0131m\u0131za moral, motivasyon olur diye gelen projeler do\u011frultusunda baz\u0131 fig\u00fcrler imal ediyoruz. Bunlar\u0131 \u00f6nce \u00e7iziyoruz. Heykelt\u0131ra\u015f arkada\u015flar\u0131m\u0131z da var, demir at\u00f6lyesindeki arkada\u015flar da var. \u0130\u015f birli\u011fi ve koordinasyon i\u00e7inde hep beraber bir i\u015f \u00e7\u0131kartmaya \u00e7al\u0131\u015f\u0131yoruz\u201d ifadelerine yer verdi.<\/p>\n","protected":false},"excerpt":{"rendered":"<p>Mersin B\u00fcy\u00fck\u015fehir Belediyesi Park ve Bah\u00e7eler Dairesi Ba\u015fkanl\u0131\u011f\u0131, y\u0131lba\u015f\u0131 haz\u0131rl\u0131klar\u0131 kapsam\u0131nda marangozhane ve kaynak at\u00f6lyesinde \u00fcretimlere ba\u015flad\u0131. Hediye paketi, \u00e7am a\u011fac\u0131, Noel Baba ve geyik gibi farkl\u0131 bir\u00e7ok \u00fcr\u00fcn kav\u015faklar\u0131 &hellip; <a href=\"https:\/\/akdenizolaygazetesi.com\/?p=9703\" class=\"more-link\">Devam\u0131n\u0131 Oku&#8230;<\/a><\/p>\n","protected":false},"author":2,"featured_media":9705,"comment_status":"open","ping_status":"open","sticky":false,"template":"","format":"standard","meta":[],"categories":[34,1,2,3,5],"tags":[],"_links":{"self":[{"href":"https:\/\/akdenizolaygazetesi.com\/index.php?rest_route=\/wp\/v2\/posts\/9703"}],"collection":[{"href":"https:\/\/akdenizolaygazetesi.com\/index.php?rest_route=\/wp\/v2\/posts"}],"about":[{"href":"https:\/\/akdenizolaygazetesi.com\/index.php?rest_route=\/wp\/v2\/types\/post"}],"author":[{"embeddable":true,"href":"https:\/\/akdenizolaygazetesi.com\/index.php?rest_route=\/wp\/v2\/users\/2"}],"replies":[{"embeddable":true,"href":"https:\/\/akdenizolaygazetesi.com\/index.php?rest_route=%2Fwp%2Fv2%2Fcomments&post=9703"}],"version-history":[{"count":1,"href":"https:\/\/akdenizolaygazetesi.com\/index.php?rest_route=\/wp\/v2\/posts\/9703\/revisions"}],"predecessor-version":[{"id":9704,"href":"https:\/\/akdenizolaygazetesi.com\/index.php?rest_route=\/wp\/v2\/posts\/9703\/revisions\/9704"}],"wp:featuredmedia":[{"embeddable":true,"href":"https:\/\/akdenizolaygazetesi.com\/index.php?rest_route=\/wp\/v2\/media\/9705"}],"wp:attachment":[{"href":"https:\/\/akdenizolaygazetesi.com\/index.php?rest_route=%2Fwp%2Fv2%2Fmedia&parent=9703"}],"wp:term":[{"taxonomy":"category","embeddable":true,"href":"https:\/\/akdenizolaygazetesi.com\/index.php?rest_route=%2Fwp%2Fv2%2Fcategories&post=9703"},{"taxonomy":"post_tag","embeddable":true,"href":"https:\/\/akdenizolaygazetesi.com\/index.php?rest_route=%2Fwp%2Fv2%2Ftags&post=9703"}],"curies":[{"name":"wp","href":"https:\/\/api.w.org\/{rel}","templated":true}]}}