{"id":9707,"date":"2020-12-19T22:00:51","date_gmt":"2020-12-19T19:00:51","guid":{"rendered":"http:\/\/akdenizolaygazetesi.com\/?p=9707"},"modified":"2020-12-19T22:01:35","modified_gmt":"2020-12-19T19:01:35","slug":"mersin-universitesi-akdeniz-belediyesi-ve-engellilerin-isbirligi-tum-engelleri-ortadan-kaldirdi","status":"publish","type":"post","link":"https:\/\/akdenizolaygazetesi.com\/?p=9707","title":{"rendered":"MERS\u0130N \u00dcN\u0130VERS\u0130TES\u0130, AKDEN\u0130Z BELED\u0130YES\u0130 VE ENGELL\u0130LER\u0130N \u0130\u015eB\u0130RL\u0130\u011e\u0130 T\u00dcM ENGELLER\u0130 ORTADAN KALDIRDI!"},"content":{"rendered":"<p>Akdeniz Belediyesi, Mersin \u00dcniversitesi (ME\u00dc) ve Engelli Derne\u011fi\u2019nin i\u015fbirli\u011fi meyvelerini vermeye ba\u015flad\u0131. Bu i\u015fbirli\u011fi ile kurulan Umut Giri\u015fimciler \u00dcretim Kooperatifi\u2019nin, ME\u00dc Kozmetik Temizlik ve Kimyevi \u00dcr\u00fcnler \u00dcretim E\u011fitim Uygulama ve Ara\u015ft\u0131rma Merkezi (M\u00dcKAM) i\u015fbirli\u011finde \u00fcretti\u011fi \u2018Umut Kolonyalar\u0131\u2019 sat\u0131\u015fa sunulmaya ba\u015fland\u0131.<br \/>\nMersin\u2019de; engelli vatanda\u015flar\u0131n \u00f6n\u00fcne konulan engelleri ortadan kald\u0131rmak ad\u0131na geli\u015ftirilen proje kapsam\u0131nda kurulan Umut Giri\u015fimciler \u00dcretim Kooperatifi\u2019nin \u00fcretti\u011fi kolonya ve dezenfektan gibi \u00fcr\u00fcnler, Akdeniz Belediyesi Kad\u0131n Eme\u011fini De\u011ferlendirme Pazar\u0131\u2019nda kurulan stantlarda sergilenip sat\u0131\u015fa sunuldu. Mersinliler, pazarda sergilenen \u00fcr\u00fcnlere yo\u011fun ilgi g\u00f6sterdi.<br \/>\n\u201cMersin\u2019de kooperatif ad\u0131na kurulan ilk kolonya sat\u0131\u015f merkezi\u201d<br \/>\nT\u00fcrkiye&#8217;de ilk olan proje kapsam\u0131nda ayr\u0131ca engelli 8 vatanda\u015f, kurulan e-ticaret sitesi \u00fczerinden de sat\u0131\u015f yaparak aile b\u00fct\u00e7elerine gelir sa\u011fl\u0131yor. Akdeniz Belediye Ba\u015fkan\u0131 M. Mustafa G\u00fcltak, kooperatifin; Akdeniz B\u00f6lgesi&#8217;nde kolonya \u00fcreten ilk kooperatif oldu\u011funa dikkat \u00e7ekerek, \u201cKooperatifimiz, sat\u0131\u015flar\u0131n\u0131 \u015fu ana kadar e-ticaret \u00fczerinden y\u00fcr\u00fctmekteydi. Bu sat\u0131\u015f imk\u00e2n\u0131na ek olarak, kooperatifin \u00fcr\u00fcnlerinden biri olan umut kolonyalar\u0131n\u0131, t\u00fcketicilerle bulu\u015fturma ama\u00e7l\u0131 sat\u0131\u015f merkezini de Mersin&#8217;de ilk kez kurmu\u015f olduk\u201d dedi.<br \/>\n\u201cKooperatifimize destek \u00e7\u0131\u011f gibi b\u00fcy\u00fcyor\u201d<br \/>\nProje kapsam\u0131nda ayr\u0131ca, \u201cEngelsiz E-ticaret\u201d ile engelli vatanda\u015flara evde \u00e7al\u0131\u015fma olana\u011f\u0131 da sa\u011flad\u0131klar\u0131n\u0131 kaydeden Ba\u015fkan Mustafa G\u00fcltak, b\u00f6ylelikle Mersin&#8217;de kurumsal i\u015fbirli\u011fi ile bir ilki daha ger\u00e7ekle\u015ftirdiklerini ifade etti. \u201cKuvvai Milliye Park\u0131 i\u00e7inde bulunan belediyemize ait Kad\u0131n Eme\u011fini De\u011ferlendirme Pazar\u0131 i\u00e7inde kurulan sat\u0131\u015f noktas\u0131 kooperatifimize hay\u0131rl\u0131 olsun\u201d diyen Ba\u015fkan G\u00fcltak; \u201c\u00dcniversitemizin ve belediyemizin i\u015fbirli\u011fiyle, engelli vatanda\u015flar\u0131m\u0131z\u0131n istihdam\u0131 sa\u011flanarak sat\u0131\u015f merkezlerimizde, \u00fcrettikleri y\u00f6resel \u00fcr\u00fcnler b\u00fcy\u00fck talep g\u00f6rerek, kooperatife destek \u00e7\u0131\u011f b\u00fcy\u00fcd\u00fc. Engelli vatanda\u015flar\u0131m\u0131z\u0131n haz\u0131rlad\u0131\u011f\u0131 projeleri hayata ge\u00e7irmeye, belediye olarak her zaman haz\u0131r\u0131z. Toplumda biz de var\u0131z diyen engelli karde\u015flerimizle beraber, Akdeniz\u2019de yar\u0131nlar engel de\u011fil umut dolu diyoruz\u201d \u015feklinde konu\u015ftu.<br \/>\nKendi imk\u00e2nlar\u0131yla zeytinya\u011f\u0131, kozmetik, bez torba, dijital bask\u0131, tekstil, \u015fapka \u00fcretiyorlar<br \/>\nAkdeniz Belediye Ba\u015fkan Yard\u0131mc\u0131s\u0131 Ayd\u0131n E\u011fin,  K\u00fclt\u00fcr ve Sosyal \u0130\u015fler M\u00fcd\u00fcr\u00fc Ali U\u00e7ar, \u0130nsan Kaynaklar\u0131 ve E\u011fitim M\u00fcd\u00fcr\u00fc Mehmet Mavi, Umut Giri\u015fimciler \u00dcretim Kooperatifi Ba\u015fkan\u0131 Soner Demir ile birlikte,  kooperatif \u00fcyelerinin \u00fcretti\u011fi \u00fcr\u00fcnlerin sergilendi\u011fi pazar\u0131 ziyaret etti, hem vatanda\u015flar hem de \u00fcyelerle sohbet etti. Akdeniz Belediyesi, Mersin \u00dcniversitesi ve Engelli Derne\u011fi\u2019nin ortakla\u015fa projesi ile hayat bulan Umut Giri\u015fimciler \u00dcretim Kooperatifi, bir yandan kent ve \u00fclke i\u00e7in katma de\u011fer yarat\u0131rken, engelli vatanda\u015flar\u0131n aile b\u00fct\u00e7elerine katk\u0131 sunmalar\u0131n\u0131 da sa\u011fl\u0131yor. Kooperatif \u00fcyeleri, kurulan engelsiz at\u00f6lyede, s\u0131v\u0131 ya\u011f, zeytinya\u011f\u0131, kozmetik, bez torba, dijital bask\u0131, ev tekstili, t-shirt, bere, \u015fapka, giyim e\u015fyalar\u0131 ve benzeri \u00fcretimler yap\u0131yor.<\/p>\n","protected":false},"excerpt":{"rendered":"<p>Akdeniz Belediyesi, Mersin \u00dcniversitesi (ME\u00dc) ve Engelli Derne\u011fi\u2019nin i\u015fbirli\u011fi meyvelerini vermeye ba\u015flad\u0131. Bu i\u015fbirli\u011fi ile kurulan Umut Giri\u015fimciler \u00dcretim Kooperatifi\u2019nin, ME\u00dc Kozmetik Temizlik ve Kimyevi \u00dcr\u00fcnler \u00dcretim E\u011fitim Uygulama ve &hellip; <a href=\"https:\/\/akdenizolaygazetesi.com\/?p=9707\" class=\"more-link\">Devam\u0131n\u0131 Oku&#8230;<\/a><\/p>\n","protected":false},"author":2,"featured_media":9709,"comment_status":"open","ping_status":"open","sticky":false,"template":"","format":"standard","meta":[],"categories":[1,2,3,5],"tags":[],"_links":{"self":[{"href":"https:\/\/akdenizolaygazetesi.com\/index.php?rest_route=\/wp\/v2\/posts\/9707"}],"collection":[{"href":"https:\/\/akdenizolaygazetesi.com\/index.php?rest_route=\/wp\/v2\/posts"}],"about":[{"href":"https:\/\/akdenizolaygazetesi.com\/index.php?rest_route=\/wp\/v2\/types\/post"}],"author":[{"embeddable":true,"href":"https:\/\/akdenizolaygazetesi.com\/index.php?rest_route=\/wp\/v2\/users\/2"}],"replies":[{"embeddable":true,"href":"https:\/\/akdenizolaygazetesi.com\/index.php?rest_route=%2Fwp%2Fv2%2Fcomments&post=9707"}],"version-history":[{"count":2,"href":"https:\/\/akdenizolaygazetesi.com\/index.php?rest_route=\/wp\/v2\/posts\/9707\/revisions"}],"predecessor-version":[{"id":9710,"href":"https:\/\/akdenizolaygazetesi.com\/index.php?rest_route=\/wp\/v2\/posts\/9707\/revisions\/9710"}],"wp:featuredmedia":[{"embeddable":true,"href":"https:\/\/akdenizolaygazetesi.com\/index.php?rest_route=\/wp\/v2\/media\/9709"}],"wp:attachment":[{"href":"https:\/\/akdenizolaygazetesi.com\/index.php?rest_route=%2Fwp%2Fv2%2Fmedia&parent=9707"}],"wp:term":[{"taxonomy":"category","embeddable":true,"href":"https:\/\/akdenizolaygazetesi.com\/index.php?rest_route=%2Fwp%2Fv2%2Fcategories&post=9707"},{"taxonomy":"post_tag","embeddable":true,"href":"https:\/\/akdenizolaygazetesi.com\/index.php?rest_route=%2Fwp%2Fv2%2Ftags&post=9707"}],"curies":[{"name":"wp","href":"https:\/\/api.w.org\/{rel}","templated":true}]}}