{"id":9719,"date":"2020-12-20T11:58:29","date_gmt":"2020-12-20T08:58:29","guid":{"rendered":"http:\/\/akdenizolaygazetesi.com\/?p=9719"},"modified":"2020-12-20T11:59:21","modified_gmt":"2020-12-20T08:59:21","slug":"kiziltan-mtso-her-zaman-oncu-ve-onder-bir-oda-oldu","status":"publish","type":"post","link":"https:\/\/akdenizolaygazetesi.com\/?p=9719","title":{"rendered":"K\u0131z\u0131ltan: \u201cMTSO her zaman \u00f6nc\u00fc ve \u00f6nder bir oda oldu\u201d"},"content":{"rendered":"<p>Mersin Ticaret ve Sanayi Odas\u0131 (MTSO), Y\u00f6netim Kurulu, Meclis \u00dcyeleri ve \u00c7al\u0131\u015fanlar\u0131 Y\u00f6netim Kurulu Ba\u015fkan\u0131 Ayhan K\u0131z\u0131ltan ve Meclis Ba\u015fkan\u0131 Hamit \u0130zol ba\u015fkanl\u0131\u011f\u0131nda, Cumhuriyet Meydan\u0131&#8217;nda bir araya geldi. Pandemi kurallar\u0131 \u00e7er\u00e7evesinde Atat\u00fcrk An\u0131t\u0131 \u00f6n\u00fcnde sayg\u0131 duru\u015fu ve \u0130stiklal Mar\u015f\u0131\u2019n\u0131n okunmas\u0131yla ba\u015flayan t\u00f6ren, Y\u00f6netim Kurulu Ba\u015fkan\u0131 K\u0131z\u0131ltan ve Meclis Ba\u015fkan\u0131 \u0130zol&#8217;un Atat\u00fcrk An\u0131t\u0131&#8217;na \u00e7elenk b\u0131rakmas\u0131 ile devam etti.<\/p>\n<p>K\u0131z\u0131ltan: \u201cMTSO her zaman \u00f6nc\u00fc ve \u00f6nder bir oda oldu\u201d<br \/>\nT\u00f6rende yapt\u0131\u011f\u0131 konu\u015fmas\u0131nda zor g\u00fcnlerden ge\u00e7ildi\u011fini belirten Y\u00f6netim Kurulu Ba\u015fkan\u0131 Ayhan K\u0131z\u0131ltan, \u201cHer g\u00fcn bir\u00e7ok yak\u0131n\u0131m\u0131z\u0131n, tan\u0131d\u0131\u011f\u0131m\u0131z\u0131n, hem\u015fehrimizin vir\u00fcsle m\u00fccadele etti\u011fini, baz\u0131lar\u0131n\u0131n ise m\u00fccadeleye yenik d\u00fc\u015f\u00fcp vefat etti\u011fini duyuyoruz. Bu \u015fartlar alt\u0131nda daha \u00f6nceleri geleneksel olarak co\u015fkuyla ger\u00e7ekle\u015ftirdi\u011fimiz \u00e7elenk koyma t\u00f6renlerine bu y\u0131l kalabal\u0131k olu\u015fturmamak ad\u0131na \u00f6nce yaln\u0131zca Hamit Ba\u015fkanla ikimiz gelip \u00e7elenk koymay\u0131 d\u00fc\u015f\u00fcnd\u00fck; ama sonra maske ve mesafe kurallar\u0131n\u0131 g\u00f6zeterek hep bir arada olabilece\u011fimiz d\u00fc\u015f\u00fcncesiyle gelebilecek olan \u00fcyelerimizi davet ettik. Bug\u00fcn uzun bir aradan sonra yeniden kurallara uyarak bir araday\u0131z.\u201d<br \/>\n135 y\u0131ll\u0131k MTSO\u2019nun, Osmanl\u0131 \u0130mparatorlu\u011fundan ve T\u00fcrkiye Cumhuriyeti\u2019nden gelen b\u00fcy\u00fck bir birikime sahip oldu\u011funu vurgulayan K\u0131z\u0131ltan, bu birikimiyle T\u00fcrkiye\u2019de her zaman \u00f6rnek ve \u00f6nder Odalar aras\u0131nda yer ald\u0131\u011f\u0131n\u0131 s\u00f6yledi. \u201cMersin\u2019de kendimizi pek de\u011ferlendiremiyor, nerede oldu\u011fumuzu anlamakta zorlan\u0131yoruz ama Ankara\u2019ya gitti\u011fimizde \u00f6vg\u00fc dolu s\u00f6zlerle kar\u015f\u0131la\u015f\u0131yoruz\u201d diyen K\u0131z\u0131ltan, Oda\u2019n\u0131n bug\u00fcnlere gelmesinde eme\u011fi ge\u00e7en ge\u00e7mi\u015f d\u00f6nem Y\u00f6netim Kurulu Ba\u015fkanlar\u0131 ve \u00dcyeleri, Meclis Ba\u015fkan ve \u00dcyeleri ile \u00e7al\u0131\u015fanlar\u0131na te\u015fekk\u00fcr etti. Ge\u00e7mi\u015fteki y\u00f6neticiler sayesinde bug\u00fcn \u00f6zg\u00fcrce \u00e7al\u0131\u015fmaya devam edildi\u011fini kaydeden K\u0131z\u0131ltan, minnet ve \u015f\u00fckranlar\u0131n\u0131 sunup, hayat\u0131n\u0131 kaybedenlere Allah\u2019tan rahmet diledi.<\/p>\n<p>\u201cSizlerle birlikte olmak beni gururland\u0131r\u0131yor&#8221;<br \/>\nArd\u0131ndan g\u00f6rev ald\u0131\u011f\u0131 iki y\u0131ll\u0131k s\u00fcreyi de\u011ferlendiren Ba\u015fkan K\u0131z\u0131ltan, \u015funlar\u0131 s\u00f6yledi:<br \/>\n\u201c99 ki\u015filik Meclisimiz harikulade iki sene ge\u00e7irdi. 99 ki\u015finin de ayr\u0131 d\u00fc\u015f\u00fcncesi, ayr\u0131 d\u00fcnya g\u00f6r\u00fc\u015f\u00fc var. Ama b\u00fcy\u00fck bir uyum i\u00e7inde \u00e7al\u0131\u015f\u0131yoruz. Komitelerimiz ve \u00e7al\u0131\u015fanlar\u0131m\u0131zla birlikte 300\u2019\u00fcn \u00fczerinde bir toplulu\u011fuz. Buna bir de 20 bini a\u015fk\u0131n \u00dcyemizi eklersek, bu geni\u015f toplulu\u011fun hem kendi i\u00e7inde hem de kentle uyum i\u00e7inde hareket etmesi kolay i\u015f de\u011fil. Bunu hep birlikte ba\u015fard\u0131k. Hepiniz son derece de\u011ferli, d\u00fcr\u00fcst, \u00fclkesini ve \u015fehrini seven insanlars\u0131n\u0131z. Sizlerle birlikte olmak, bu camian\u0131n bir par\u00e7as\u0131 olmak beni gururland\u0131r\u0131yor, onurland\u0131r\u0131yor, hepinize te\u015fekk\u00fcr ediyorum. Camiam\u0131z\u0131n 135. y\u0131l\u0131 kutlu olsun. Nice 135 y\u0131llar dile\u011fiyle.\u201d<\/p>\n<p>\u0130zol: \u201cMersin ortak paydas\u0131nda bulu\u015ftuysak bunda MTSO\u2019nun rol\u00fc b\u00fcy\u00fck\u201d<br \/>\nMeclis Ba\u015fkan\u0131 Hamit \u0130zol ise konu\u015fmas\u0131nda, \u201cKurulu\u015fundan bu yana k\u00f6kl\u00fc bir \u00e7\u0131nar olman\u0131n gururuyla bug\u00fcn bu kutlamay\u0131 Cumhuriyetimizin Kurucusu Mustafa Kemal Atat\u00fcrk\u2019\u00fcn huzurunda ger\u00e7ekle\u015ftirmenin onuru i\u00e7indeyiz. G\u00f6reve geldi\u011fimiz g\u00fcn s\u00f6z verdik. Mersin bir olacak, tek yumruk olacak, her kurumuyla dayan\u0131\u015fma i\u00e7inde olacak dedik. Mersin, bu birlik ve beraberlikle \u00e7ok daha g\u00fczel g\u00fcnler g\u00f6recek dedik. Bug\u00fcn valilikten yerel y\u00f6netimlere, odalardan S\u0130AD\u2019lara, STK\u2019lara \u00fclkemizin ya\u015fad\u0131\u011f\u0131 t\u00fcm sorunlara ra\u011fmen kent dinamikleri uyum i\u00e7indeyse, sorunlar\u0131 konu\u015fup Mersin ortak paydas\u0131nda kavga etmeden anla\u015fabiliyorsa bunun arkas\u0131ndaki en \u00f6nemli itici g\u00fc\u00e7lerden birisi MTSO\u2019dur. Son 2 y\u0131ld\u0131r Odam\u0131z\u0131n ayr\u0131mc\u0131l\u0131ktan uzak, yap\u0131c\u0131, birle\u015ftirici yakla\u015f\u0131m\u0131d\u0131r\u201d dedi.<br \/>\nMTSO\u2019nun hizmetleri ve yaratt\u0131\u011f\u0131 dayan\u0131\u015fma ruhu ile kentte \u00f6n\u00fcm\u00fczdeki s\u00fcre\u00e7te \u00e7ok daha g\u00fczel bir yer edinece\u011fini kaydeden \u0130zol, s\u00f6zlerini, \u201cOdam\u0131z bu ruh ve anlay\u0131\u015fla kentin birli\u011fine, dirli\u011fine, huzur ve zenginli\u011fine katk\u0131 sunmaya devam edecektir. Mersinliler buna lay\u0131kt\u0131r. MTSO\u2019nun bir par\u00e7as\u0131 olmaktan, Mersin\u2019e hizmet etmekten onur duyuyorum\u201d diye tamamlad\u0131.<br \/>\nT\u00f6ren sonras\u0131nda MTSO Hizmet binas\u0131na gelen Y\u00f6netim Kurulu Ba\u015fkan\u0131 K\u0131z\u0131ltan ve Meclis Ba\u015fkan\u0131 \u0130zol, Oda personelini de teker teker kutlayarak foto\u011fraf \u00e7ektirdi.<\/p>\n","protected":false},"excerpt":{"rendered":"<p>Mersin Ticaret ve Sanayi Odas\u0131 (MTSO), Y\u00f6netim Kurulu, Meclis \u00dcyeleri ve \u00c7al\u0131\u015fanlar\u0131 Y\u00f6netim Kurulu Ba\u015fkan\u0131 Ayhan K\u0131z\u0131ltan ve Meclis Ba\u015fkan\u0131 Hamit \u0130zol ba\u015fkanl\u0131\u011f\u0131nda, Cumhuriyet Meydan\u0131&#8217;nda bir araya geldi. Pandemi kurallar\u0131 &hellip; <a href=\"https:\/\/akdenizolaygazetesi.com\/?p=9719\" class=\"more-link\">Devam\u0131n\u0131 Oku&#8230;<\/a><\/p>\n","protected":false},"author":2,"featured_media":9722,"comment_status":"open","ping_status":"open","sticky":false,"template":"","format":"standard","meta":[],"categories":[34,1,2],"tags":[],"_links":{"self":[{"href":"https:\/\/akdenizolaygazetesi.com\/index.php?rest_route=\/wp\/v2\/posts\/9719"}],"collection":[{"href":"https:\/\/akdenizolaygazetesi.com\/index.php?rest_route=\/wp\/v2\/posts"}],"about":[{"href":"https:\/\/akdenizolaygazetesi.com\/index.php?rest_route=\/wp\/v2\/types\/post"}],"author":[{"embeddable":true,"href":"https:\/\/akdenizolaygazetesi.com\/index.php?rest_route=\/wp\/v2\/users\/2"}],"replies":[{"embeddable":true,"href":"https:\/\/akdenizolaygazetesi.com\/index.php?rest_route=%2Fwp%2Fv2%2Fcomments&post=9719"}],"version-history":[{"count":2,"href":"https:\/\/akdenizolaygazetesi.com\/index.php?rest_route=\/wp\/v2\/posts\/9719\/revisions"}],"predecessor-version":[{"id":9721,"href":"https:\/\/akdenizolaygazetesi.com\/index.php?rest_route=\/wp\/v2\/posts\/9719\/revisions\/9721"}],"wp:featuredmedia":[{"embeddable":true,"href":"https:\/\/akdenizolaygazetesi.com\/index.php?rest_route=\/wp\/v2\/media\/9722"}],"wp:attachment":[{"href":"https:\/\/akdenizolaygazetesi.com\/index.php?rest_route=%2Fwp%2Fv2%2Fmedia&parent=9719"}],"wp:term":[{"taxonomy":"category","embeddable":true,"href":"https:\/\/akdenizolaygazetesi.com\/index.php?rest_route=%2Fwp%2Fv2%2Fcategories&post=9719"},{"taxonomy":"post_tag","embeddable":true,"href":"https:\/\/akdenizolaygazetesi.com\/index.php?rest_route=%2Fwp%2Fv2%2Ftags&post=9719"}],"curies":[{"name":"wp","href":"https:\/\/api.w.org\/{rel}","templated":true}]}}