{"id":9727,"date":"2020-12-21T13:00:16","date_gmt":"2020-12-21T10:00:16","guid":{"rendered":"http:\/\/akdenizolaygazetesi.com\/?p=9727"},"modified":"2020-12-21T13:00:51","modified_gmt":"2020-12-21T10:00:51","slug":"secer-4-cevre-yolu-bundan-sonraki-bulvar-calismalarimiz-icin-bir-prototip","status":"publish","type":"post","link":"https:\/\/akdenizolaygazetesi.com\/?p=9727","title":{"rendered":"SE\u00c7ER: \u201c4. \u00c7EVRE YOLU BUNDAN SONRAK\u0130 BULVAR \u00c7ALI\u015eMALARIMIZ \u0130\u00c7\u0130N B\u0130R PROTOT\u0130P\u201d"},"content":{"rendered":"<p>Mersin B\u00fcy\u00fck\u015fehir Belediyesi, hafta sonlar\u0131 uygulanan soka\u011fa \u00e7\u0131kma yasaklar\u0131nda da Mersin\u2019e de\u011fer katmak i\u00e7in \u00e7al\u0131\u015fmalar\u0131n\u0131 s\u00fcratle s\u00fcrd\u00fcr\u00fcyor. Mersin B\u00fcy\u00fck\u015fehir Belediye Ba\u015fkan\u0131 Vahap Se\u00e7er, B\u00fcy\u00fck\u015fehir\u2019in t\u00fcm birimleriyle \u00e7al\u0131\u015fmalar\u0131n\u0131 s\u00fcrd\u00fcrd\u00fc\u011f\u00fc Forum Katl\u0131 Kav\u015fa\u011f\u0131, 4. \u00c7evre Yolu ve Bilim Merkezi ba\u015fta olmak \u00fczere bisiklet yolu \u00e7al\u0131\u015fmalar\u0131 ve peyzaj uygulamalar\u0131n\u0131 yerinde inceledi. Saha incelemelerinde B\u00fcy\u00fck\u015fehir Belediyesi Ba\u015fkan Vekili G\u00fclcan K\u0131\u015f, B\u00fcy\u00fck\u015fehir Belediyesi Genel Sekreter Vekili Olcay Tok ve daire ba\u015fkanlar\u0131 da yer ald\u0131.<br \/>\n\u201c4. \u00c7evre Yolu \u00e7al\u0131\u015fmam\u0131z bir prototip niteli\u011finde\u201d<br \/>\n4. \u00c7evre Yolu a\u00e7ma sahas\u0131nda yapt\u0131\u011f\u0131 incelemelerin ard\u0131ndan de\u011ferlendirmelerde bulunan Ba\u015fkan Se\u00e7er, \u201c4. \u00c7evre Yolu toplam\u0131nda yeni in\u015faat saham\u0131z 950 metre. 600 metre de Vali H\u00fcseyin Aksoy Caddesi ile \u0130smet \u0130n\u00f6n\u00fc Bulvar\u0131 aras\u0131ndaki k\u0131s\u0131mda. Yani toplamda 1550 metrelik bir g\u00fczergah \u00e7al\u0131\u015fmas\u0131na bu y\u0131l i\u00e7erisinde ba\u015flad\u0131k. 2021 y\u0131l\u0131 i\u00e7erisinde de bu g\u00fczergah\u0131 tamamlayaca\u011f\u0131z. 35 metre geni\u015fli\u011findeki bir yol \u00e7al\u0131\u015fmam\u0131z buras\u0131. B\u00fct\u00fcn m\u00fc\u015ftemilat ile ince ayr\u0131nt\u0131lar\u0131na kadar d\u00fczenlenmi\u015f, hesaplanm\u0131\u015f, kald\u0131r\u0131m\u0131, altyap\u0131s\u0131, y\u00fcr\u00fcme ve bisiklet yollar\u0131yla bundan sonraki a\u00e7aca\u011f\u0131m\u0131z bulvarlar aras\u0131nda bir prototip niteli\u011finde\u201d dedi.<br \/>\n\u201cForum Katl\u0131 Kav\u015fa\u011f\u0131\u2019n\u0131 Ocak ay\u0131n\u0131n sonunda Mersinliler\u2019in hizmetine a\u00e7aca\u011f\u0131z\u201d<br \/>\nYap\u0131m\u0131 s\u00fcren Forum Katl\u0131 Kav\u015fa\u011f\u0131\u2019na ili\u015fkin olarak da Ba\u015fkan Se\u00e7er, \u201cYap\u0131m\u0131 devam eden Forum Katl\u0131 Kav\u015fa\u011f\u0131\u2019nda yine incelemeler yapt\u0131k. Kaba in\u015faat\u0131n\u0131n y\u00fczde 60-65\u2019lik k\u0131sm\u0131n\u0131n tamamland\u0131\u011f\u0131n\u0131 g\u00f6rd\u00fck. Bildi\u011finiz gibi 2021 y\u0131l\u0131 Ocak ay\u0131 sonuna bitirmeyi hedefledi\u011fimiz bir \u00e7al\u0131\u015fma. Herhangi bir olumsuzluk kar\u015f\u0131m\u0131za \u00e7\u0131kmaz ise hedefimiz tutacak ve Ocak ay\u0131n\u0131n sonunda Mersinliler\u2019in hizmetine a\u00e7aca\u011f\u0131z\u201d diye konu\u015ftu.<br \/>\n\u201c\u0130haleler tamamland\u0131ktan sonra k\u0131sa s\u00fcrede metro in\u015faat\u0131n\u0131 da ba\u015flatmak istiyoruz\u201d<br \/>\nBa\u015fkan Se\u00e7er, soka\u011fa \u00e7\u0131kma yasaklar\u0131nda da Mersin\u2019e de\u011fer katmak ad\u0131na h\u0131z kesmeden \u00e7al\u0131\u015fmalar\u0131n\u0131 s\u00fcrd\u00fcrd\u00fcklerini vurgulayarak, \u015f\u00f6yle devam etti:<br \/>\n\u201cZaman bizim i\u00e7in \u00f6nemli ve de\u011ferli. Mersin\u2019in hizmete \u00e7ok ihtiyac\u0131 var. \u00d6nemli yat\u0131r\u0131mlara ihtiyac\u0131 var. Onun i\u00e7in zaman de\u011ferli. \u0130\u015fimizi ciddi yapmak zorunday\u0131z. Planl\u0131, programl\u0131 yapmak zorunday\u0131z. Zaman\u0131 iyi kullanmak zorunday\u0131z. Bu sebeple Mersin B\u00fcy\u00fck\u015fehir Belediyesi; Ba\u015fkan\u0131ndan t\u00fcm \u00e7al\u0131\u015fanlar\u0131na kadar 7\/24, hafta sonu tatili, k\u0131\u015f\u0131, yaz\u0131, ya\u011fmuru, f\u0131rt\u0131nas\u0131 dikkate al\u0131nmadan sahalarda \u00e7al\u0131\u015fan bir \u00e7al\u0131\u015fma ekibi. \u00c7al\u0131\u015fmalar\u0131m\u0131z daha da yo\u011funla\u015facak. Pandeminin getirdi\u011fi bir tak\u0131m s\u0131k\u0131nt\u0131lar ya\u015fad\u0131k. Baz\u0131 programlar\u0131m\u0131z\u0131, projelerimizi ertelemek zorunda kald\u0131k. Pandeminin getirdi\u011fi olumsuzluklar\u0131 ortadan kald\u0131rmak i\u00e7in vatanda\u015flar\u0131m\u0131za yard\u0131m eli uzatmam\u0131z gerekiyordu. Dikkatimizi oraya do\u011fru y\u00f6nelttik. \u015eimdi bir taraftan pandemi ile m\u00fccadele s\u00fcreci i\u00e7erisinde yine vatanda\u015flar\u0131m\u0131za yard\u0131mc\u0131 olmak i\u00e7in her t\u00fcrl\u00fc imkan\u0131m\u0131z\u0131 seferber ettik ama di\u011fer taraftan da hayat devam ediyor. Yat\u0131r\u0131m yapmam\u0131z gerekiyor. Yola, altyap\u0131, \u00fcstyap\u0131 \u00e7al\u0131\u015fmalar\u0131na ihtiyac\u0131m\u0131z var. Mersin\u2019de hem\u015ferilerimize rayl\u0131 sistem s\u00f6z\u00fc verdik. Yeralt\u0131 rayl\u0131 sistemimizde 13.4 kilometrelik uzunlu\u011fundaki ilk etab\u0131n\u0131n \u00f6n yeterlilik ihalesi sona erdi. 29 Ocak\u2019ta da art\u0131k bu firmalar ihale ile yar\u0131\u015facaklar. Umut ediyorum k\u0131sa s\u00fcre i\u00e7erisinde ihaleleri de sonu\u00e7land\u0131r\u0131p metro in\u015faat\u0131n\u0131 da ba\u015flatmak istiyoruz.\u201d<br \/>\n\u201cVatanda\u015f\u0131n hay\u0131r duas\u0131n\u0131 almak i\u00e7in \u00e7al\u0131\u015f\u0131yoruz\u201d<br \/>\nYapt\u0131klar\u0131 \u00e7al\u0131\u015fmalarla ilgili olarak vatanda\u015flardan gelen olumlu geri d\u00f6n\u00fc\u015fleri de de\u011ferlendiren Se\u00e7er, \u201cVatanda\u015f ile bir g\u00f6n\u00fcl ba\u011f\u0131 kurabilmi\u015fseniz, vatanda\u015flar bu tavr\u0131 size g\u00f6steriyorsa, sevgi ile h\u00fcrmet ile yakla\u015f\u0131yorsa, bu bizim i\u00e7in d\u00fcnyan\u0131n mal\u0131na de\u011fer bir durumdur. Zaten de\u011ferli, kaliteli; vatanda\u015f\u0131 i\u00e7in, \u00fclkesi i\u00e7in \u00e7al\u0131\u015fan her siyaset\u00e7i sadece bunun i\u00e7in \u00e7al\u0131\u015f\u0131r. Vatanda\u015f\u0131n sevgisini kazanmak i\u00e7in, h\u00fcrmetini kazanmak i\u00e7in, onun hay\u0131r duas\u0131n\u0131 almak i\u00e7in \u00e7al\u0131\u015f\u0131r. Biz de onun i\u00e7in \u00e7al\u0131\u015f\u0131yoruz\u201d dedi.<br \/>\nBa\u015fkan Se\u00e7er, Filenin Sultanlar\u0131n\u0131n ma\u00e7\u0131n\u0131 izledi<br \/>\nBa\u015fkan Se\u00e7er, T\u00fcrkiye Voleybol Federasyonu (TVF) Kad\u0131nlar Voleybol 2. Ligi\u2019nde \u015fampiyonluk yolunda ilerleyen Mersin B\u00fcy\u00fck\u015fehir Belediyesi Gen\u00e7lik ve Spor Kul\u00fcb\u00fc\u2019n\u00fcn Konya Anka Gen\u00e7lik ve Spor Kul\u00fcb\u00fc ile olan kar\u015f\u0131la\u015fmas\u0131n\u0131 da takip etti. Toroslar 1000 Ki\u015filik Spor Salonu\u2019nda oynanan kar\u015f\u0131la\u015fmay\u0131 B\u00fcy\u00fck\u015fehir Belediyesi Ba\u015fkan Vekili G\u00fclcan K\u0131\u015f ve B\u00fcy\u00fck\u015fehir Genel Sekreter Yard\u0131mc\u0131s\u0131 Hasan G\u00f6kbel de izledi. Ba\u015fkan Se\u00e7er\u2019in her iki tak\u0131m sporcular\u0131na ba\u015far\u0131lar diledi\u011fi m\u00fccadeleyi, Mersin B\u00fcy\u00fck\u015fehir Belediyesi Gen\u00e7lik ve Spor Kul\u00fcb\u00fc 25-19, 25-16 ve 25-14\u2019l\u00fck setlerle 3-0 kazand\u0131.<\/p>\n","protected":false},"excerpt":{"rendered":"<p>Mersin B\u00fcy\u00fck\u015fehir Belediyesi, hafta sonlar\u0131 uygulanan soka\u011fa \u00e7\u0131kma yasaklar\u0131nda da Mersin\u2019e de\u011fer katmak i\u00e7in \u00e7al\u0131\u015fmalar\u0131n\u0131 s\u00fcratle s\u00fcrd\u00fcr\u00fcyor. Mersin B\u00fcy\u00fck\u015fehir Belediye Ba\u015fkan\u0131 Vahap Se\u00e7er, B\u00fcy\u00fck\u015fehir\u2019in t\u00fcm birimleriyle \u00e7al\u0131\u015fmalar\u0131n\u0131 s\u00fcrd\u00fcrd\u00fc\u011f\u00fc Forum Katl\u0131 &hellip; <a href=\"https:\/\/akdenizolaygazetesi.com\/?p=9727\" class=\"more-link\">Devam\u0131n\u0131 Oku&#8230;<\/a><\/p>\n","protected":false},"author":2,"featured_media":9729,"comment_status":"open","ping_status":"open","sticky":false,"template":"","format":"standard","meta":[],"categories":[34,1,2,3,5],"tags":[],"_links":{"self":[{"href":"https:\/\/akdenizolaygazetesi.com\/index.php?rest_route=\/wp\/v2\/posts\/9727"}],"collection":[{"href":"https:\/\/akdenizolaygazetesi.com\/index.php?rest_route=\/wp\/v2\/posts"}],"about":[{"href":"https:\/\/akdenizolaygazetesi.com\/index.php?rest_route=\/wp\/v2\/types\/post"}],"author":[{"embeddable":true,"href":"https:\/\/akdenizolaygazetesi.com\/index.php?rest_route=\/wp\/v2\/users\/2"}],"replies":[{"embeddable":true,"href":"https:\/\/akdenizolaygazetesi.com\/index.php?rest_route=%2Fwp%2Fv2%2Fcomments&post=9727"}],"version-history":[{"count":2,"href":"https:\/\/akdenizolaygazetesi.com\/index.php?rest_route=\/wp\/v2\/posts\/9727\/revisions"}],"predecessor-version":[{"id":9730,"href":"https:\/\/akdenizolaygazetesi.com\/index.php?rest_route=\/wp\/v2\/posts\/9727\/revisions\/9730"}],"wp:featuredmedia":[{"embeddable":true,"href":"https:\/\/akdenizolaygazetesi.com\/index.php?rest_route=\/wp\/v2\/media\/9729"}],"wp:attachment":[{"href":"https:\/\/akdenizolaygazetesi.com\/index.php?rest_route=%2Fwp%2Fv2%2Fmedia&parent=9727"}],"wp:term":[{"taxonomy":"category","embeddable":true,"href":"https:\/\/akdenizolaygazetesi.com\/index.php?rest_route=%2Fwp%2Fv2%2Fcategories&post=9727"},{"taxonomy":"post_tag","embeddable":true,"href":"https:\/\/akdenizolaygazetesi.com\/index.php?rest_route=%2Fwp%2Fv2%2Ftags&post=9727"}],"curies":[{"name":"wp","href":"https:\/\/api.w.org\/{rel}","templated":true}]}}