{"id":9735,"date":"2020-12-21T13:05:47","date_gmt":"2020-12-21T10:05:47","guid":{"rendered":"http:\/\/akdenizolaygazetesi.com\/?p=9735"},"modified":"2020-12-21T13:06:43","modified_gmt":"2020-12-21T10:06:43","slug":"toplulastirmada-basari-yakalanacak","status":"publish","type":"post","link":"https:\/\/akdenizolaygazetesi.com\/?p=9735","title":{"rendered":"Toplula\u015ft\u0131rmada Ba\u015far\u0131 Yakalanacak"},"content":{"rendered":"<p>T\u00fcrkiye\u2019nin her alanda daha da g\u00fc\u00e7l\u00fc hale getirilmesi konusunda DS\u0130\u2019ye de \u00f6nemli g\u00f6revler d\u00fc\u015ft\u00fc\u011f\u00fcn\u00fcn alt\u0131n\u0131 \u00e7izen DS\u0130 Genel M\u00fcd\u00fcr V. Kaya Y\u0131ld\u0131z; \u201cDS\u0130 olarak bizlere d\u00fc\u015fen g\u00f6rev; \u00dclkemizin kalk\u0131nmas\u0131 ve muas\u0131r medeniyet seviyesine y\u00fckselmesi ad\u0131na yat\u0131r\u0131mlar\u0131m\u0131z\u0131 artt\u0131rarak devam ettirmek, devletimizin bize verdi\u011fi vazifeleri en iyi \u015fekilde yapmak i\u00e7in \u00e7aba sarf etmektir. Bu \u00e7er\u00e7evede \u00fclkemizin en b\u00fcy\u00fck yat\u0131r\u0131mc\u0131 kurulu\u015fu olan DS\u0130\u2019ye \u00e7ok \u00f6nemli g\u00f6revler d\u00fc\u015fmektedir. Bu bilin\u00e7le \u00e7al\u0131\u015fmalar\u0131m\u0131za devam etmektedir.\u201d dedi.<\/p>\n<p>Arazi toplula\u015ft\u0131rmas\u0131 ile birlikte di\u011fer altyap\u0131 hizmetlerinin de (sulama, tarla i\u00e7i geli\u015ftirme i\u015flemleri vb.) birlikte d\u00fc\u015f\u00fcn\u00fclmesi gerekmektedir. Bu d\u00fc\u015f\u00fcnceyle 2018 y\u0131l\u0131nda yap\u0131lan yasal d\u00fczenleme sonucu \u00fclkemiz genelinde arazi toplula\u015ft\u0131rma \u00e7al\u0131\u015fmas\u0131 yapma yetkisi DS\u0130 Genel M\u00fcd\u00fcrl\u00fc\u011f\u00fcm\u00fcze verilmi\u015ftir.<\/p>\n<p>Toplula\u015ft\u0131rmada Ba\u015far\u0131 Yakalanacak<br \/>\nDS\u0130 taraf\u0131ndan y\u00fcr\u00fct\u00fclen toplula\u015ft\u0131rma \u00e7al\u0131\u015fmalar\u0131 hakk\u0131nda da a\u00e7\u0131klama yapan DS\u0130 Genel M\u00fcd\u00fcr\u00fc Kaya Y\u0131ld\u0131z, \u2019\u00dclkemizde toplula\u015ft\u0131rma yap\u0131lmaya uygun 14,3 Milyon hektar alan bulunmaktad\u0131r. 8,25 milyon hektar alanda toplula\u015ft\u0131rma \u00e7al\u0131\u015fmalar\u0131 devam etmektedir. 2018 y\u0131l\u0131nda 496 bin hektar, 2019 y\u0131l\u0131nda ise 619 bin hektar alanda, 2020 y\u0131l\u0131nda ise Ekim ay\u0131 sonu itibari ile 425 bin hektar alan da tescil \u00e7al\u0131\u015fmalar\u0131 tamamlanm\u0131\u015f olup 2020 y\u0131l\u0131 sonu itibari ile de 541 bin hektar alan\u0131n tescil \u00e7al\u0131\u015fmalar\u0131 tamamlanm\u0131\u015f olacakt\u0131r. B\u00f6ylece \u00fclkemiz genelinde 2020 sonu itibari ile 4,77 milyon hektar alanda arazi toplula\u015ft\u0131rma \u00e7al\u0131\u015fmalar\u0131n\u0131n tescili tamamlanm\u0131\u015f olacakt\u0131r. Kalan 3,48 milyon hektar alanda ise toplula\u015ft\u0131rma \u00e7al\u0131\u015fmalar\u0131 devam etmektedir. \u2018dedi.<\/p>\n<p>Sulama Yat\u0131r\u0131m Maliyetlerinden Tasarruf Sa\u011flanacak<\/p>\n<p>Sulama projeleri arazi toplula\u015ft\u0131rmas\u0131na ba\u011fl\u0131 olarak uyguland\u0131\u011f\u0131 takdirde parsel s\u0131n\u0131rlar\u0131na ba\u011fl\u0131 kalmadan en ekonomik \u015fekilde, sulama, yol ve tahliye planlamas\u0131 yap\u0131ld\u0131\u011f\u0131ndan, yat\u0131r\u0131m maliyetlerinde tasarruf sa\u011flanmaktad\u0131r. Di\u011fer taraftan arazi toplula\u015ft\u0131rma projeleri ile kamula\u015ft\u0131rma maliyetleri % 90 oran\u0131nda azalmaktad\u0131r.<\/p>\n<p>Arazi Toplula\u015ft\u0131rmas\u0131 Modern Sulama Metotlar\u0131n\u0131n Uygulanmas\u0131n\u0131 Kolayla\u015ft\u0131r\u0131r<\/p>\n<p>Arazi toplula\u015ft\u0131rmas\u0131 ile parseller b\u00fcy\u00fcr, tar\u0131m teknikleri ve sulama metotlar\u0131n\u0131n uygulanmas\u0131 kolayla\u015f\u0131r. Parsel say\u0131s\u0131 azal\u0131r. Parsel b\u00fcy\u00fckl\u00fc\u011f\u00fc artar. D\u00fczenli ve ideal parsel \u015fekilleri olu\u015fturulur. Her parsel yola ve kanala kavu\u015fur. \u0130\u015fletme merkezi ile parseller aras\u0131ndaki mesafeler azal\u0131r, ula\u015f\u0131mdan dolay\u0131 meydana gelen kay\u0131plar azal\u0131r, yak\u0131t tasarrufu sa\u011flan\u0131r. Zirai m\u00fccadele ve g\u00fcbreleme kolayla\u015f\u0131r. Sulama oran\u0131 ve rand\u0131man\u0131 artar. Sa\u011flanan katma de\u011ferden dolay\u0131 arazi de\u011feri en az iki kat artmaktad\u0131r.<\/p>\n<p>T\u00fcrkiye genelinde tarla i\u00e7i geli\u015ftirme ve toplula\u015ft\u0131rma \u00e7al\u0131\u015fmalar\u0131n\u0131n devam etti\u011fini a\u00e7\u0131klayan DS\u0130 Genel M\u00fcd\u00fcr\u00fc Kaya Y\u0131ld\u0131z, \u20182020 y\u0131l\u0131nda Adana, Mersin, Hatay ve Osmaniye illerinde y\u00fcr\u00fct\u00fclen \u00e7al\u0131\u015fmalar hakk\u0131nda a\u00e7\u0131klamada bulundu.<\/p>\n<p>2020 Y\u0131l\u0131 Sonuna Kadar Adana\u2019da 123 bin 738 Hektar Arazi Toplula\u015ft\u0131r\u0131ld\u0131<\/p>\n<p>Genel M\u00fcd\u00fcr Y\u0131ld\u0131z, \u2018Adana ilimizde de 2020 y\u0131l\u0131nda 15 adet projede toplam 305 285 hektar alanda y\u00fcr\u00fct\u00fclen toplula\u015ft\u0131rma ve tarla i\u00e7i geli\u015ftirme hizmetleri kapsam\u0131nda 123 bin 738 hektar alanda arazi toplula\u015ft\u0131rma \u00e7al\u0131\u015fmalar\u0131 tamamlanarak tapu tescil i\u015flemleri ger\u00e7ekle\u015ftirilmi\u015ftir. Devam eden \u00e7al\u0131\u015fmalarla 181 bin 547 hektar alan\u0131n 2023 y\u0131l\u0131 sonuna kadar toplula\u015ft\u0131r\u0131lmas\u0131 hedeflenmektedir.<\/p>\n<p>2020 Y\u0131l\u0131n Sonuna Kadar Mersin 27 bin 910 Hektar Arazi Toplula\u015ft\u0131r\u0131ld\u0131<\/p>\n<p>Y\u0131ld\u0131z, \u2018Mersin ilimizde 2020 y\u0131l\u0131nda 1 adet projede toplam 37 bin 831 hektar alanda y\u00fcr\u00fct\u00fclen toplula\u015ft\u0131rma ve tarla i\u00e7i geli\u015ftirme hizmetleri kapsam\u0131nda 27 bin 910 hektar alanda arazi toplula\u015ft\u0131rma \u00e7al\u0131\u015fmalar\u0131 tamamlanarak tapu tescil i\u015flemleri ger\u00e7ekle\u015ftirildi\u011fini belirtti.<\/p>\n<p>2020 Y\u0131l\u0131nda Hatay\u2019da Arazi Toplula\u015ft\u0131rma \u00c7al\u0131\u015fmalar\u0131 Devam Etmektedir<\/p>\n<p>Genel M\u00fcd\u00fcr Y\u0131ld\u0131z, \u2018Hatay ilimizde de 2020 y\u0131l\u0131nda 2 adet projede toplam 54 bin 174 hektar alanda Toplula\u015ft\u0131rma ve tarla i\u00e7i geli\u015fim hizmetleri \u00e7al\u0131\u015fmas\u0131 devam etmektedir. Devam eden \u00e7al\u0131\u015fmalarla 54 174 hektar alan\u0131n 2023 y\u0131l\u0131 sonuna kadar toplula\u015ft\u0131r\u0131lmas\u0131 hedeflenmektedir. \u2019dedi.<\/p>\n<p>2020 Y\u0131l\u0131nda Osmaniye\u2019de 15 bin 637 Hektar Arazi Toplula\u015ft\u0131r\u0131ld\u0131<\/p>\n<p>Y\u0131ld\u0131z, \u2018Osmaniye ilimizde 2020 y\u0131l\u0131nda 1 adet projede toplam 31 bin 421 hektar alanda y\u00fcr\u00fct\u00fclen toplula\u015ft\u0131rma ve tarla i\u00e7i geli\u015ftirme hizmetleri kapsam\u0131nda 15 bin 637 hektar alanda arazi toplula\u015ft\u0131rma \u00e7al\u0131\u015fmalar\u0131 tamamlanarak tapu tescil i\u015flemleri ger\u00e7ekle\u015ftirildi\u011fini belirtti.<\/p>\n<p>Ayr\u0131ca \u00e7al\u0131\u015fmalar kapsam\u0131nda; s\u0131n\u0131rlar\u0131 d\u00fczeltilme, arazi tesviyesi, a\u011fa\u00e7 k\u00f6k s\u00f6k\u00fcm\u00fc ve tarla i\u00e7i yol yap\u0131m\u0131 gibi tarla i\u00e7i geli\u015ftirme hizmetleri i\u015flerinin yap\u0131ld\u0131\u011f\u0131n\u0131 da a\u00e7\u0131klayan DS\u0130 Genel M\u00fcd\u00fcr\u00fc Kaya Y\u0131ld\u0131z,\u2019 Adana, Mersin, Hatay ve Osmaniye illerimizde 2020 y\u0131l\u0131 sonuna kadar 19 adet proje d\u00e2hilinde 180 556 hektar alanda tarla i\u00e7i geli\u015ftirme \u00e7al\u0131\u015fmalar\u0131 tamamlanm\u0131\u015ft\u0131r. Projelerin tamam\u0131n\u0131n uygulanmas\u0131 sonucu 2023 y\u0131l\u0131 sonuna kadar 248 155 hektar alanda tarla i\u00e7i geli\u015ftirme \u00e7al\u0131\u015fmas\u0131n\u0131n tamamlanmas\u0131n\u0131n planland\u0131\u011f\u0131n\u0131n belirtti.<\/p>\n<p>DS\u0130 Genel M\u00fcd\u00fcr\u00fc Kaya Y\u0131ld\u0131z, \u201cSon olarak bu projelerin yap\u0131lmas\u0131nda en b\u00fcy\u00fck destek\u00e7imiz Tar\u0131m ve Orman Bakan\u0131m\u0131z Say\u0131n Dr. Bekir Pakdemirli\u2019ye \u015f\u00fckranlar\u0131m\u0131 sunuyor, eme\u011fi ge\u00e7enlere te\u015fekk\u00fcr ediyorum.\u201d dedi.<\/p>\n","protected":false},"excerpt":{"rendered":"<p>T\u00fcrkiye\u2019nin her alanda daha da g\u00fc\u00e7l\u00fc hale getirilmesi konusunda DS\u0130\u2019ye de \u00f6nemli g\u00f6revler d\u00fc\u015ft\u00fc\u011f\u00fcn\u00fcn alt\u0131n\u0131 \u00e7izen DS\u0130 Genel M\u00fcd\u00fcr V. Kaya Y\u0131ld\u0131z; \u201cDS\u0130 olarak bizlere d\u00fc\u015fen g\u00f6rev; \u00dclkemizin kalk\u0131nmas\u0131 ve &hellip; <a href=\"https:\/\/akdenizolaygazetesi.com\/?p=9735\" class=\"more-link\">Devam\u0131n\u0131 Oku&#8230;<\/a><\/p>\n","protected":false},"author":2,"featured_media":9737,"comment_status":"open","ping_status":"open","sticky":false,"template":"","format":"standard","meta":[],"categories":[8,34,1,2,3],"tags":[],"_links":{"self":[{"href":"https:\/\/akdenizolaygazetesi.com\/index.php?rest_route=\/wp\/v2\/posts\/9735"}],"collection":[{"href":"https:\/\/akdenizolaygazetesi.com\/index.php?rest_route=\/wp\/v2\/posts"}],"about":[{"href":"https:\/\/akdenizolaygazetesi.com\/index.php?rest_route=\/wp\/v2\/types\/post"}],"author":[{"embeddable":true,"href":"https:\/\/akdenizolaygazetesi.com\/index.php?rest_route=\/wp\/v2\/users\/2"}],"replies":[{"embeddable":true,"href":"https:\/\/akdenizolaygazetesi.com\/index.php?rest_route=%2Fwp%2Fv2%2Fcomments&post=9735"}],"version-history":[{"count":2,"href":"https:\/\/akdenizolaygazetesi.com\/index.php?rest_route=\/wp\/v2\/posts\/9735\/revisions"}],"predecessor-version":[{"id":9738,"href":"https:\/\/akdenizolaygazetesi.com\/index.php?rest_route=\/wp\/v2\/posts\/9735\/revisions\/9738"}],"wp:featuredmedia":[{"embeddable":true,"href":"https:\/\/akdenizolaygazetesi.com\/index.php?rest_route=\/wp\/v2\/media\/9737"}],"wp:attachment":[{"href":"https:\/\/akdenizolaygazetesi.com\/index.php?rest_route=%2Fwp%2Fv2%2Fmedia&parent=9735"}],"wp:term":[{"taxonomy":"category","embeddable":true,"href":"https:\/\/akdenizolaygazetesi.com\/index.php?rest_route=%2Fwp%2Fv2%2Fcategories&post=9735"},{"taxonomy":"post_tag","embeddable":true,"href":"https:\/\/akdenizolaygazetesi.com\/index.php?rest_route=%2Fwp%2Fv2%2Ftags&post=9735"}],"curies":[{"name":"wp","href":"https:\/\/api.w.org\/{rel}","templated":true}]}}