{"id":9739,"date":"2020-12-22T11:19:42","date_gmt":"2020-12-22T08:19:42","guid":{"rendered":"http:\/\/akdenizolaygazetesi.com\/?p=9739"},"modified":"2020-12-22T11:20:33","modified_gmt":"2020-12-22T08:20:33","slug":"gultakin-covid-19-testi-pozitif","status":"publish","type":"post","link":"https:\/\/akdenizolaygazetesi.com\/?p=9739","title":{"rendered":"G\u00fcltak&#8217;\u0131n Covid-19 testi pozitif"},"content":{"rendered":"<p>Akdeniz Belediye Ba\u015fkan\u0131 Mustafa G\u00fcltak&#8217;\u0131n Covid-19 testinin pozitif \u00e7\u0131kt\u0131\u011f\u0131 bildirildi.<br \/>\nBa\u015fkan G\u00fcltak, sosyal medya hesab\u0131ndan yapt\u0131\u011f\u0131 payla\u015f\u0131mda, son yapt\u0131rd\u0131\u011f\u0131 Covid-19 testinin pozitif \u00e7\u0131kt\u0131\u011f\u0131n\u0131 duyurarak, genel sa\u011fl\u0131k durumunun iyi oldu\u011funu belirtti. Payla\u015f\u0131m\u0131nda, ge\u00e7mi\u015f olsun dileklerinde bulunanlara te\u015fekk\u00fcr eden G\u00fcltak, &#8220;T\u00fcm vatanda\u015flar\u0131m\u0131za tedbirlere s\u0131k\u0131 s\u0131k\u0131ya uymalar\u0131n\u0131 tavsiye ediyor, sa\u011fl\u0131kl\u0131 g\u00fcnler diliyorum&#8221; dedi. Genel sa\u011fl\u0131k durumu iyi olan Ba\u015fkan G\u00fcltak&#8217;\u0131n kendisini evinde izole etti\u011fi ve tedavisinin evinde devam etti\u011fi bildirildi.<\/p>\n","protected":false},"excerpt":{"rendered":"<p>Akdeniz Belediye Ba\u015fkan\u0131 Mustafa G\u00fcltak&#8217;\u0131n Covid-19 testinin pozitif \u00e7\u0131kt\u0131\u011f\u0131 bildirildi. Ba\u015fkan G\u00fcltak, sosyal medya hesab\u0131ndan yapt\u0131\u011f\u0131 payla\u015f\u0131mda, son yapt\u0131rd\u0131\u011f\u0131 Covid-19 testinin pozitif \u00e7\u0131kt\u0131\u011f\u0131n\u0131 duyurarak, genel sa\u011fl\u0131k durumunun iyi oldu\u011funu belirtti. &hellip; <a href=\"https:\/\/akdenizolaygazetesi.com\/?p=9739\" class=\"more-link\">Devam\u0131n\u0131 Oku&#8230;<\/a><\/p>\n","protected":false},"author":2,"featured_media":9741,"comment_status":"open","ping_status":"open","sticky":false,"template":"","format":"standard","meta":[],"categories":[34,1,3,9],"tags":[],"_links":{"self":[{"href":"https:\/\/akdenizolaygazetesi.com\/index.php?rest_route=\/wp\/v2\/posts\/9739"}],"collection":[{"href":"https:\/\/akdenizolaygazetesi.com\/index.php?rest_route=\/wp\/v2\/posts"}],"about":[{"href":"https:\/\/akdenizolaygazetesi.com\/index.php?rest_route=\/wp\/v2\/types\/post"}],"author":[{"embeddable":true,"href":"https:\/\/akdenizolaygazetesi.com\/index.php?rest_route=\/wp\/v2\/users\/2"}],"replies":[{"embeddable":true,"href":"https:\/\/akdenizolaygazetesi.com\/index.php?rest_route=%2Fwp%2Fv2%2Fcomments&post=9739"}],"version-history":[{"count":2,"href":"https:\/\/akdenizolaygazetesi.com\/index.php?rest_route=\/wp\/v2\/posts\/9739\/revisions"}],"predecessor-version":[{"id":9742,"href":"https:\/\/akdenizolaygazetesi.com\/index.php?rest_route=\/wp\/v2\/posts\/9739\/revisions\/9742"}],"wp:featuredmedia":[{"embeddable":true,"href":"https:\/\/akdenizolaygazetesi.com\/index.php?rest_route=\/wp\/v2\/media\/9741"}],"wp:attachment":[{"href":"https:\/\/akdenizolaygazetesi.com\/index.php?rest_route=%2Fwp%2Fv2%2Fmedia&parent=9739"}],"wp:term":[{"taxonomy":"category","embeddable":true,"href":"https:\/\/akdenizolaygazetesi.com\/index.php?rest_route=%2Fwp%2Fv2%2Fcategories&post=9739"},{"taxonomy":"post_tag","embeddable":true,"href":"https:\/\/akdenizolaygazetesi.com\/index.php?rest_route=%2Fwp%2Fv2%2Ftags&post=9739"}],"curies":[{"name":"wp","href":"https:\/\/api.w.org\/{rel}","templated":true}]}}