{"id":9743,"date":"2020-12-22T11:22:38","date_gmt":"2020-12-22T08:22:38","guid":{"rendered":"http:\/\/akdenizolaygazetesi.com\/?p=9743"},"modified":"2020-12-22T11:23:09","modified_gmt":"2020-12-22T08:23:09","slug":"kazanli-sahili-temizlendi-3","status":"publish","type":"post","link":"https:\/\/akdenizolaygazetesi.com\/?p=9743","title":{"rendered":"KAZANLI SAH\u0130L\u0130 TEM\u0130ZLEND\u0130"},"content":{"rendered":"<p>Akdeniz Belediyesi, yerli ve yabanc\u0131 \u00f6\u011frencilerle birlikte Mersinlilerin u\u011frak yerlerinden biri olan Kazanl\u0131 sahilinde biriken \u00e7\u00f6pler ile denizden gelen kilolarca at\u0131\u011f\u0131 toplay\u0131p sahili ba\u015ftan sona temizledi.<br \/>\nNesli t\u00fckenme tehlikesi alt\u0131nda oldu\u011fu i\u00e7in t\u00fcm d\u00fcnyada koruma alt\u0131na al\u0131nan Caretta Caretta ve Ye\u015fil Deniz Kaplumba\u011falar\u0131\u2019n\u0131n da yumurta b\u0131rakt\u0131\u011f\u0131 nadir sahillerden biri olan Kazanl\u0131 sahili, Akdeniz Belediyesi \u00c7evre Koruma ve Kontrol M\u00fcd\u00fcrl\u00fc\u011f\u00fc ekipleri ve Akdeniz \u00dc\u00e7\u00fcnc\u00fc G\u00f6z E\u011fitim ve Gen\u00e7lik Derne\u011fi\u2019nin i\u015fbirli\u011finde temizlendi.<br \/>\nMaskeler unutulmad\u0131<br \/>\nMersinlilerin; piknik yapmak veya yaz mevsiminde y\u00fczmek i\u00e7in tercih etti\u011fi kilometrelerce uzunluktaki Kazanl\u0131 sahilinin temizli\u011fi s\u0131ras\u0131nda, Koronavir\u00fcs salg\u0131n\u0131na kar\u015f\u0131 al\u0131nan \u00f6nlemler gere\u011fince belediye personeli, dernek \u00fcyeleri ve \u00f6\u011frenciler maske takt\u0131.<br \/>\nSahilden po\u015fetler dolusu \u00e7\u00f6p topland\u0131<br \/>\nErasmus program\u0131 kapsam\u0131nda farkl\u0131 \u00fclkelerden e\u011fitim i\u00e7in Mersin\u2019e gelen \u00f6\u011frencilerin de kat\u0131ld\u0131\u011f\u0131 temizlik \u00e7al\u0131\u015fmas\u0131nda, saatler s\u00fcren \u00e7al\u0131\u015fmayla \u00e7\u00f6pler ve denizden gelen at\u0131klar sahilden toplan\u0131p \u00e7uvallara dolduruldu. Ard\u0131ndan da kilolarca lastik, plastik, cam, \u00e7\u00f6p ve tar\u0131msal at\u0131klar, \u00c7evre Koruma ve Kontrol M\u00fcd\u00fcrl\u00fc\u011f\u00fc ekipleri taraf\u0131ndan trakt\u00f6re y\u00fcklenip, bertaraf edilmek \u00fczere Kazanl\u0131 sahilinden \u00e7\u0131kar\u0131ld\u0131.<br \/>\nKazanl\u0131 ve Adanal\u0131o\u011flu sahillerindeki etkinlik gelenekselle\u015fti<br \/>\nAkdeniz Belediyesi; nesli t\u00fckenmek riski alt\u0131nda oldu\u011fu i\u00e7in t\u00fcm d\u00fcnyada korumaya al\u0131nan Caretta Caretta ve Ye\u015fil Deniz Kaplumba\u011falar\u0131n\u0131n yumurta b\u0131rakt\u0131\u011f\u0131 Kazanl\u0131 ile Adanal\u0131o\u011flu sahillerinde, periyodik temizlik ve bak\u0131m \u00e7al\u0131\u015fmas\u0131 yap\u0131yor. Belediye ayr\u0131ca, \u00e7e\u015fitli sivil toplum \u00f6rg\u00fctleri, e\u011fitim kurumlar\u0131 ile yerli ve yabanc\u0131 \u00f6\u011frencilerin de kat\u0131l\u0131m\u0131yla Kazanl\u0131 ve Adanal\u0131o\u011flu sahillerinin temizli\u011fini her y\u0131l ger\u00e7ekle\u015ftiriyor.<\/p>\n","protected":false},"excerpt":{"rendered":"<p>Akdeniz Belediyesi, yerli ve yabanc\u0131 \u00f6\u011frencilerle birlikte Mersinlilerin u\u011frak yerlerinden biri olan Kazanl\u0131 sahilinde biriken \u00e7\u00f6pler ile denizden gelen kilolarca at\u0131\u011f\u0131 toplay\u0131p sahili ba\u015ftan sona temizledi. Nesli t\u00fckenme tehlikesi alt\u0131nda &hellip; <a href=\"https:\/\/akdenizolaygazetesi.com\/?p=9743\" class=\"more-link\">Devam\u0131n\u0131 Oku&#8230;<\/a><\/p>\n","protected":false},"author":2,"featured_media":9745,"comment_status":"open","ping_status":"open","sticky":false,"template":"","format":"standard","meta":[],"categories":[1,2,5],"tags":[],"_links":{"self":[{"href":"https:\/\/akdenizolaygazetesi.com\/index.php?rest_route=\/wp\/v2\/posts\/9743"}],"collection":[{"href":"https:\/\/akdenizolaygazetesi.com\/index.php?rest_route=\/wp\/v2\/posts"}],"about":[{"href":"https:\/\/akdenizolaygazetesi.com\/index.php?rest_route=\/wp\/v2\/types\/post"}],"author":[{"embeddable":true,"href":"https:\/\/akdenizolaygazetesi.com\/index.php?rest_route=\/wp\/v2\/users\/2"}],"replies":[{"embeddable":true,"href":"https:\/\/akdenizolaygazetesi.com\/index.php?rest_route=%2Fwp%2Fv2%2Fcomments&post=9743"}],"version-history":[{"count":2,"href":"https:\/\/akdenizolaygazetesi.com\/index.php?rest_route=\/wp\/v2\/posts\/9743\/revisions"}],"predecessor-version":[{"id":9746,"href":"https:\/\/akdenizolaygazetesi.com\/index.php?rest_route=\/wp\/v2\/posts\/9743\/revisions\/9746"}],"wp:featuredmedia":[{"embeddable":true,"href":"https:\/\/akdenizolaygazetesi.com\/index.php?rest_route=\/wp\/v2\/media\/9745"}],"wp:attachment":[{"href":"https:\/\/akdenizolaygazetesi.com\/index.php?rest_route=%2Fwp%2Fv2%2Fmedia&parent=9743"}],"wp:term":[{"taxonomy":"category","embeddable":true,"href":"https:\/\/akdenizolaygazetesi.com\/index.php?rest_route=%2Fwp%2Fv2%2Fcategories&post=9743"},{"taxonomy":"post_tag","embeddable":true,"href":"https:\/\/akdenizolaygazetesi.com\/index.php?rest_route=%2Fwp%2Fv2%2Ftags&post=9743"}],"curies":[{"name":"wp","href":"https:\/\/api.w.org\/{rel}","templated":true}]}}