{"id":977,"date":"2020-11-04T18:21:34","date_gmt":"2020-11-04T15:21:34","guid":{"rendered":"http:\/\/mersinekonomipolitikagazetesi.com\/?p=977"},"modified":"2020-11-04T18:21:34","modified_gmt":"2020-11-04T15:21:34","slug":"mersinli-muhtarlarin-canakkale-gezisi-sona-erdi","status":"publish","type":"post","link":"https:\/\/akdenizolaygazetesi.com\/?p=977","title":{"rendered":"Mersinli muhtarlar\u0131n \u00c7anakkale gezisi sona erdi"},"content":{"rendered":"<p>Mersin B\u00fcy\u00fck\u015fehir Belediyesi, \u00c7anakkale Kara Sava\u015flar\u0131n\u0131n 102. y\u0131ld\u00f6n\u00fcm\u00fc dolay\u0131s\u0131yla d\u00fczenledi\u011fi ziyaretlerin son g\u00fcn\u00fcnde Anamur, Erdemli ve G\u00fclnar il\u00e7elerinin muhtarlar\u0131n\u0131 \u00c7anakkale\u2019ye g\u00f6t\u00fcrd\u00fc.<\/p>\n<p><span style=\"color: rgb(0, 0, 0); font-family: Tahoma, Arial, 'Times New Roman TUR', Verdana; font-size: 15px; line-height: normal;\">Gezi program\u0131n\u0131n son g\u00fcn\u00fcnde Rumeli Mecidiye Tabyas\u0131 ve Seyit Onba\u015f\u0131, Sarg\u0131 Yeri \u015eehitli\u011fi, \u015eehitler Abidesi, 57. Alay \u015eehitli\u011fi, Conk Bay\u0131r\u0131 ve \u00c7anakkale Sim\u00fclasyon Merkezi ba\u015fta olmak \u00fczere Tarihe Sayg\u0131 Park\u0131, \u00c7anakkale Destan\u0131 Tan\u0131t\u0131m Merkezi, Kesikdere \u015eehitli\u011fi, \u015eahindere \u015eehitli\u011fi gibi \u00c7anakkale\u2019nin tarihi mek\u00e2nlar\u0131n\u0131 gezen muhtarlar, tarihin izlerini yerinde g\u00f6r\u00fcrken, duygu dolu anlar ya\u015fad\u0131.<\/span><br style=\"color: rgb(0, 0, 0); font-family: Tahoma, Arial, 'Times New Roman TUR', Verdana; font-size: 15px; line-height: normal;\" \/><br \/>\n<span style=\"color: rgb(0, 0, 0); font-family: Tahoma, Arial, 'Times New Roman TUR', Verdana; font-size: 15px; line-height: normal;\">4 g\u00fcn s\u00fcren \u00c7anakkale gezisinin ilk g\u00fcn\u00fcnde Yeni\u015fehir, Mezitli, Toroslar ve Akdeniz il\u00e7elerinin muhtarlar\u0131 Mersin B\u00fcy\u00fck\u015fehir Belediye Ba\u015fkan\u0131 Burhanettin Kocamaz e\u015fli\u011finde \u00c7anakkale\u2019yi gezerken, ikinci g\u00fcn\u00fcnde Silifke, Ayd\u0131nc\u0131k, Bozyaz\u0131 ve Mut il\u00e7elerinin muhtarlar\u0131, \u00fc\u00e7\u00fcnc\u00fc g\u00fcn\u00fcnde Tarsus ve \u00c7aml\u0131yayla il\u00e7elerinin muhtarlar\u0131 \u00c7anakkale\u2019yi g\u00f6rme f\u0131rsat\u0131 buldu.<\/span><br style=\"color: rgb(0, 0, 0); font-family: Tahoma, Arial, 'Times New Roman TUR', Verdana; font-size: 15px; line-height: normal;\" \/><br \/>\n<span style=\"color: rgb(0, 0, 0); font-family: Tahoma, Arial, 'Times New Roman TUR', Verdana; font-size: 15px; line-height: normal;\">Gezinin son g\u00fcn\u00fcnde ise Anamur, Erdemli ve G\u00fclnar il\u00e7elerinden geziye kat\u0131lan muhtarlar, ecdatlar\u0131n\u0131n yazd\u0131\u011f\u0131 \u00c7anakkale destan\u0131n\u0131n izlerini ta\u015f\u0131yan yerleri gezerken, adeta tarihi tekrar ya\u015fad\u0131. Gezi program\u0131 kapsam\u0131nda d\u00f6rt g\u00fcn boyunca yakla\u015f\u0131k 700 Mersinli muhtar \u00c7anakkale\u2019yi gezme f\u0131rsat\u0131 buldu.<\/span><br style=\"color: rgb(0, 0, 0); font-family: Tahoma, Arial, 'Times New Roman TUR', Verdana; font-size: 15px; line-height: normal;\" \/><br \/>\n<span style=\"color: rgb(0, 0, 0); font-family: Tahoma, Arial, 'Times New Roman TUR', Verdana; font-size: 15px; line-height: normal;\">\u201c\u0130lkleri ya\u015f\u0131yorum\u201d<\/span><br style=\"color: rgb(0, 0, 0); font-family: Tahoma, Arial, 'Times New Roman TUR', Verdana; font-size: 15px; line-height: normal;\" \/><br \/>\n<span style=\"color: rgb(0, 0, 0); font-family: Tahoma, Arial, 'Times New Roman TUR', Verdana; font-size: 15px; line-height: normal;\">\u00c7anakkale\u2019yi gezerken g\u00f6rd\u00fc\u011f\u00fc tarihi yerler kar\u015f\u0131s\u0131nda olduk\u00e7a duyguland\u0131\u011f\u0131n\u0131 s\u00f6yleyen Erdemli il\u00e7esi Y\u00fcksek Mahallesi Muhtar\u0131 Fatih R\u00fc\u015ft\u00fc Y\u0131lmaz, \u201cBizim i\u00e7in can\u0131n\u0131 veren ve bu vatan\u0131 bize arma\u011fan eden ecdatlar\u0131m\u0131za da minnet ve \u015f\u00fckran duyuyoruz. Bu de\u011ferlere sahip \u00e7\u0131kmam\u0131z gerekiyor. Sahip de \u00e7\u0131kaca\u011f\u0131z zaten\u201d dedi.<\/span><br style=\"color: rgb(0, 0, 0); font-family: Tahoma, Arial, 'Times New Roman TUR', Verdana; font-size: 15px; line-height: normal;\" \/><br \/>\n<span style=\"color: rgb(0, 0, 0); font-family: Tahoma, Arial, 'Times New Roman TUR', Verdana; font-size: 15px; line-height: normal;\">\u00c7anakkale\u2019ye ilk kez gelen ve tarihi yerleri g\u00f6ren Anamur il\u00e7esi Akine Mahallesi Muhtar\u0131 S\u00fcleyman Duman ise, \u201c\u00d6ncelikle B\u00fcy\u00fck\u015fehir Belediye Ba\u015fkan\u0131m\u0131z Say\u0131n Burhanettin Kocamaz\u2019a \u00e7ok te\u015fekk\u00fcr ediyorum. \u015eu an ilkleri ya\u015f\u0131yorum. \u0130lk kez u\u00e7a\u011fa bindim ve ilk kez \u00c7anakkale\u2019ye geldim. Gezerken de \u00e7ok duyguland\u0131m. Burada yatan \u015fehitlerimiz bizler rahat edelim diye canlar\u0131n\u0131 verdiler. Onlar\u0131n emanetine sahip \u00e7\u0131kmam\u0131z gerekiyor. Bize bu vatan\u0131 canlar\u0131 pahas\u0131na hediye eden t\u00fcm \u015fehitlerimizin mek\u00e2nlar\u0131 cennet olsun&#8221; diye konu\u015ftu.<\/span><br style=\"color: rgb(0, 0, 0); font-family: Tahoma, Arial, 'Times New Roman TUR', Verdana; font-size: 15px; line-height: normal;\" \/><br \/>\n<span style=\"color: rgb(0, 0, 0); font-family: Tahoma, Arial, 'Times New Roman TUR', Verdana; font-size: 15px; line-height: normal;\">Gezi esnas\u0131nda \u015eehitler Abidesi \u00f6n\u00fcnde hat\u0131ra foto\u011fraf\u0131 \u00e7ektiren muhtarlar, ecdatlar\u0131n\u0131n \u015fehit oldu\u011fu topraklar\u0131 g\u00f6rmelerine olanak sa\u011flayan B\u00fcy\u00fck\u015fehir Belediye Ba\u015fkan\u0131 Burhanettin Kocamaz\u2019a te\u015fekk\u00fcr etti.<\/span><\/p>\n","protected":false},"excerpt":{"rendered":"<p>Mersin B\u00fcy\u00fck\u015fehir Belediyesi, \u00c7anakkale Kara Sava\u015flar\u0131n\u0131n 102. y\u0131ld\u00f6n\u00fcm\u00fc dolay\u0131s\u0131yla d\u00fczenledi\u011fi ziyaretlerin son g\u00fcn\u00fcnde Anamur, Erdemli ve G\u00fclnar il\u00e7elerinin muhtarlar\u0131n\u0131 \u00c7anakkale\u2019ye g\u00f6t\u00fcrd\u00fc. Gezi program\u0131n\u0131n son g\u00fcn\u00fcnde Rumeli Mecidiye Tabyas\u0131 ve Seyit &hellip; <a href=\"https:\/\/akdenizolaygazetesi.com\/?p=977\" class=\"more-link\">Devam\u0131n\u0131 Oku&#8230;<\/a><\/p>\n","protected":false},"author":1,"featured_media":0,"comment_status":"open","ping_status":"open","sticky":false,"template":"","format":"standard","meta":[],"categories":[],"tags":[],"_links":{"self":[{"href":"https:\/\/akdenizolaygazetesi.com\/index.php?rest_route=\/wp\/v2\/posts\/977"}],"collection":[{"href":"https:\/\/akdenizolaygazetesi.com\/index.php?rest_route=\/wp\/v2\/posts"}],"about":[{"href":"https:\/\/akdenizolaygazetesi.com\/index.php?rest_route=\/wp\/v2\/types\/post"}],"author":[{"embeddable":true,"href":"https:\/\/akdenizolaygazetesi.com\/index.php?rest_route=\/wp\/v2\/users\/1"}],"replies":[{"embeddable":true,"href":"https:\/\/akdenizolaygazetesi.com\/index.php?rest_route=%2Fwp%2Fv2%2Fcomments&post=977"}],"version-history":[{"count":0,"href":"https:\/\/akdenizolaygazetesi.com\/index.php?rest_route=\/wp\/v2\/posts\/977\/revisions"}],"wp:attachment":[{"href":"https:\/\/akdenizolaygazetesi.com\/index.php?rest_route=%2Fwp%2Fv2%2Fmedia&parent=977"}],"wp:term":[{"taxonomy":"category","embeddable":true,"href":"https:\/\/akdenizolaygazetesi.com\/index.php?rest_route=%2Fwp%2Fv2%2Fcategories&post=977"},{"taxonomy":"post_tag","embeddable":true,"href":"https:\/\/akdenizolaygazetesi.com\/index.php?rest_route=%2Fwp%2Fv2%2Ftags&post=977"}],"curies":[{"name":"wp","href":"https:\/\/api.w.org\/{rel}","templated":true}]}}