{"id":9776,"date":"2020-12-24T12:39:41","date_gmt":"2020-12-24T09:39:41","guid":{"rendered":"http:\/\/akdenizolaygazetesi.com\/?p=9776"},"modified":"2020-12-24T12:40:51","modified_gmt":"2020-12-24T09:40:51","slug":"tum-sehir-dezenfekte-ediliyor","status":"publish","type":"post","link":"https:\/\/akdenizolaygazetesi.com\/?p=9776","title":{"rendered":"T\u00dcM \u015eEH\u0130R DEZENFEKTE ED\u0130L\u0130YOR"},"content":{"rendered":"<p>Koronavir\u00fcs salg\u0131n\u0131 s\u00fcrecinin ba\u015flad\u0131\u011f\u0131 andan itibaren dezenfeksiyon \u00e7al\u0131\u015fmalar\u0131n\u0131 titizlikle y\u00fcr\u00fcten Mersin B\u00fcy\u00fck\u015fehir Belediyesi, her g\u00fcn yeni bir noktay\u0131 daha dezenfekte i\u015flemine tabi tutuyor. B\u00fcy\u00fck\u015fehir Belediyesi ekipleri taraf\u0131ndan yap\u0131lan dezenfeksiyon i\u015flemleri kapsam\u0131nda her g\u00fcn vatanda\u015flar\u0131n yo\u011fun bir \u015fekilde giri\u015f-\u00e7\u0131k\u0131\u015f yapt\u0131\u011f\u0131 Tarsus Sanayi Sitesi dezenfeksiyon i\u015flemine tabi tutuldu.<br \/>\nTarsus Sanayi Sitesi dezenfekte i\u015flemine tabi tutuldu<br \/>\nVir\u00fcs\u00fcn yay\u0131l\u0131m\u0131n\u0131 engellemek i\u00e7in d\u00fczenli olarak dezenfekte i\u015flemi yapan ekipler, vatanda\u015flar\u0131n yo\u011fun bir \u015fekilde giri\u015f \u00e7\u0131k\u0131\u015f yapt\u0131\u011f\u0131 Tarsus Sanayi Sitesi\u2019nde kapsaml\u0131 bir dezenfeksiyon \u00e7al\u0131\u015fmas\u0131 yapt\u0131. B\u00fcy\u00fck\u015fehir Belediyesi ekipleri \u00e7al\u0131\u015fmalar kapsam\u0131nda Sanayi Sitesi\u2019ne giri\u015f-\u00e7\u0131k\u0131\u015f noktalar\u0131n\u0131 dezenfekte etti. Esnaf\u0131n d\u00fckkanlar\u0131na tek tek girerek dezenfeksiyon i\u015flemi yapan ekipler, esnaftan ve vatanda\u015ftan tam not ald\u0131.<br \/>\n\u201cSanayi Sitesi\u2019ni daha fazla dezenfekte etmemiz gerekiyor\u201d<br \/>\nB\u00fcy\u00fck\u015fehir Belediyesi\u2019nde g\u00f6revli Tufan Dokucu, vatanda\u015flar\u0131n giri\u015f \u00e7\u0131k\u0131\u015f\u0131n\u0131n yo\u011fun oldu\u011fu Tarsus Sanayi Sitesi\u2019nin dezenfekte i\u015flemi i\u00e7in \u00f6zellikle se\u00e7ildi\u011fini belirterek, \u201cBug\u00fcn Tarsus\u2019ta pandemiden dolay\u0131 sanayi esnaf\u0131n\u0131n en b\u00fcy\u00fck problemi olan dezenfekte i\u015flemini yerine getiriyoruz. Sanayi b\u00f6lgesine giri\u015f ve \u00e7\u0131k\u0131\u015flar \u00e7ok \u00fcst seviyede ve insanlar\u0131n \u00e7ok oldu\u011fu yerlerde vir\u00fcs\u00fcn yay\u0131lma riski daha fazla. O y\u00fczden buray\u0131 daha fazla dezenfekte etmemiz gerekiyor\u201d dedi.<br \/>\n\u201cDezenfekte \u00e7al\u0131\u015fmalar\u0131 i\u00e7in te\u015fekk\u00fcr ediyoruz\u201d<br \/>\nTarsus Sanayi Sitesi esnaf\u0131ndan Ahmet Celal Temiz, yap\u0131lan dezenfeksiyon i\u015fleminin \u00f6nemli oldu\u011funa vurgu yaparak, \u201cB\u00f6yle bir \u015feye zaten ihtiya\u00e7 vard\u0131. Mutluyuz, iyiyiz. \u0130n\u015fallah iyi olur. Ben kap\u0131ya zincir koydum. \u0130nsanlar iki-\u00fc\u00e7 ki\u015fi birden geliyor. Kimde hastal\u0131k var kimde yok bilmiyoruz. Maskemizi tak\u0131yoruz ama insanlar ta\u015f\u0131y\u0131c\u0131 da olabilir. Elimizden geldi\u011fince dikkat ediyoruz. Dezenfekte \u00e7al\u0131\u015fmalar\u0131 i\u00e7in de \u00e7ok te\u015fekk\u00fcr ediyoruz\u201d ifadelerini kulland\u0131.<\/p>\n","protected":false},"excerpt":{"rendered":"<p>Koronavir\u00fcs salg\u0131n\u0131 s\u00fcrecinin ba\u015flad\u0131\u011f\u0131 andan itibaren dezenfeksiyon \u00e7al\u0131\u015fmalar\u0131n\u0131 titizlikle y\u00fcr\u00fcten Mersin B\u00fcy\u00fck\u015fehir Belediyesi, her g\u00fcn yeni bir noktay\u0131 daha dezenfekte i\u015flemine tabi tutuyor. B\u00fcy\u00fck\u015fehir Belediyesi ekipleri taraf\u0131ndan yap\u0131lan dezenfeksiyon i\u015flemleri &hellip; <a href=\"https:\/\/akdenizolaygazetesi.com\/?p=9776\" class=\"more-link\">Devam\u0131n\u0131 Oku&#8230;<\/a><\/p>\n","protected":false},"author":2,"featured_media":9778,"comment_status":"open","ping_status":"open","sticky":false,"template":"","format":"standard","meta":[],"categories":[34,1,5],"tags":[],"_links":{"self":[{"href":"https:\/\/akdenizolaygazetesi.com\/index.php?rest_route=\/wp\/v2\/posts\/9776"}],"collection":[{"href":"https:\/\/akdenizolaygazetesi.com\/index.php?rest_route=\/wp\/v2\/posts"}],"about":[{"href":"https:\/\/akdenizolaygazetesi.com\/index.php?rest_route=\/wp\/v2\/types\/post"}],"author":[{"embeddable":true,"href":"https:\/\/akdenizolaygazetesi.com\/index.php?rest_route=\/wp\/v2\/users\/2"}],"replies":[{"embeddable":true,"href":"https:\/\/akdenizolaygazetesi.com\/index.php?rest_route=%2Fwp%2Fv2%2Fcomments&post=9776"}],"version-history":[{"count":1,"href":"https:\/\/akdenizolaygazetesi.com\/index.php?rest_route=\/wp\/v2\/posts\/9776\/revisions"}],"predecessor-version":[{"id":9777,"href":"https:\/\/akdenizolaygazetesi.com\/index.php?rest_route=\/wp\/v2\/posts\/9776\/revisions\/9777"}],"wp:featuredmedia":[{"embeddable":true,"href":"https:\/\/akdenizolaygazetesi.com\/index.php?rest_route=\/wp\/v2\/media\/9778"}],"wp:attachment":[{"href":"https:\/\/akdenizolaygazetesi.com\/index.php?rest_route=%2Fwp%2Fv2%2Fmedia&parent=9776"}],"wp:term":[{"taxonomy":"category","embeddable":true,"href":"https:\/\/akdenizolaygazetesi.com\/index.php?rest_route=%2Fwp%2Fv2%2Fcategories&post=9776"},{"taxonomy":"post_tag","embeddable":true,"href":"https:\/\/akdenizolaygazetesi.com\/index.php?rest_route=%2Fwp%2Fv2%2Ftags&post=9776"}],"curies":[{"name":"wp","href":"https:\/\/api.w.org\/{rel}","templated":true}]}}