{"id":9779,"date":"2020-12-24T12:41:59","date_gmt":"2020-12-24T09:41:59","guid":{"rendered":"http:\/\/akdenizolaygazetesi.com\/?p=9779"},"modified":"2020-12-24T12:43:01","modified_gmt":"2020-12-24T09:43:01","slug":"buyuksehirden-esnafa-500-tl-su-faturasi-destegi-suruyor","status":"publish","type":"post","link":"https:\/\/akdenizolaygazetesi.com\/?p=9779","title":{"rendered":"B\u00dcY\u00dcK\u015eEH\u0130R\u2019DEN ESNAFA 500 TL SU FATURASI DESTE\u011e\u0130 S\u00dcR\u00dcYOR"},"content":{"rendered":"<p>Salg\u0131n tedbirleri kapsam\u0131nda i\u015f yerleri kapanan 8 bin 500 esnaf\u0131n meskenlerine ait su bor\u00e7lar\u0131n\u0131n 500 TL\u2019ye kadar olan k\u0131sm\u0131n\u0131 Mersin B\u00fcy\u00fck\u015fehir Belediyesi kar\u015f\u0131layacak. \u015eu ana kadar ba\u015fvuruda bulunan 1300 esnaftan ba\u015fvurusu onaylananlar\u0131n \u00f6demeleri yap\u0131ld\u0131. B\u00fcy\u00fck\u015fehir Belediyesi, mersin.bel.tr \u00fczerinden yap\u0131lan ba\u015fvurular\u0131 8 Ocak\u2019a kadar uzatt\u0131. Esnaf, su faturas\u0131 deste\u011finin kendilerine ila\u00e7 gibi geldi\u011fini belirtti.<br \/>\nBa\u015fvurular mersin.bel.tr \u00fczerinden ger\u00e7ekle\u015ftiriliyor<br \/>\nB\u00fcy\u00fck\u015fehir\u2019in resmi internet sitesi olan mersin.bel.tr\u2019nin \u2018duyurular\u2019 k\u0131sm\u0131nda online ba\u015fvuru linki a\u00e7\u0131ld\u0131. Ba\u015fvurusu onaylanan esnaflar\u0131n fatura \u00f6demeleri ger\u00e7ekle\u015ftirildi. Ba\u015fvuru s\u00fcrecinde olan esnafa ise B\u00fcy\u00fck\u015fehir\u2019in Esnaf Masas\u0131 \u00fczerinden telefonla destek sa\u011flan\u0131yor. Esnaf, Alo 185 TEKS\u0130N \u00c7a\u011fr\u0131 Merkezi\u2019ni arayarak Esnaf Masas\u0131\u2019ndan destek alabiliyor.<br \/>\n\u201cBa\u015fvurular 8 Ocak\u2019a kadar devam edecek\u201d<br \/>\nMersin B\u00fcy\u00fck\u015fehir Belediyesi Sosyal Hizmetler Dairesi Ba\u015fkan\u0131 Serdal G\u00f6kayaz, ba\u015fvuru tarihini 8 Ocak\u2019a kadar uzatt\u0131klar\u0131n\u0131 belirterek, \u201cBu kapsama dahil olan 8 bin 500 esnaf\u0131m\u0131z var. Kapanmayla bu i\u015f yerlerinin tekrar a\u00e7\u0131lma s\u00fcresi i\u00e7erisindeki su faturalar\u0131n\u0131n 500 TL\u2019lik k\u0131sm\u0131n\u0131 B\u00fcy\u00fck\u015fehir Belediyesi olarak \u00fcstlenmi\u015f durumday\u0131z. 15 Aral\u0131k itibariyle biz ba\u015fvurular\u0131 almaya ba\u015flad\u0131k. \u015eu an itibariyle 1300\u2019\u00fcn \u00fczerinde ba\u015fvurumuz mevcut ve ba\u015fvurular devam ediyor. Bu ba\u015fvurular 8 Ocak\u2019a kadar devam edecek. Mersin B\u00fcy\u00fck\u015fehir Belediyesi internet sitesinde bir online ba\u015fvuru formu olu\u015fturduk. Esnaf\u0131m\u0131z bulundu\u011fu yerden formu doldurarak ba\u015fvuruyu yapm\u0131\u015f oluyor. Arkada\u015flar\u0131m\u0131z Esnaf Masam\u0131z\u2019dan da kendilerine destek veriyorlar. Kapsam i\u00e7erisine giren t\u00fcm esnaf\u0131m\u0131z\u0131n bu hizmetimizden yararlanmas\u0131n\u0131 istiyoruz\u201d dedi.<br \/>\n\u201cVahap Ba\u015fkan\u0131n b\u00f6yle bir jest yapmas\u0131 \u00e7ok mutlu etti, bizi bilen bir insan varm\u0131\u015f\u201d<br \/>\nEsnaf Ali G\u00fcven, okul servis i\u015fletmecili\u011fi yapt\u0131\u011f\u0131n\u0131 ve ara\u00e7 konta\u011f\u0131n\u0131n 10 ayd\u0131r kapal\u0131 oldu\u011funu s\u00f6yledi. Zor g\u00fcnler ge\u00e7irdiklerini ve bu s\u00fcre\u00e7te Mersin B\u00fcy\u00fck\u015fehir\u2019in kendilerini hat\u0131rlam\u0131\u015f olmas\u0131ndan b\u00fcy\u00fck mutluluk duydu\u011funu belirten G\u00fcven, \u201cGe\u00e7ti\u011fimiz hafta Cuma g\u00fcn\u00fc Vahap Ba\u015fkan\u0131m\u0131z\u2019\u0131n bu konuda yapt\u0131\u011f\u0131 a\u00e7\u0131klamay\u0131 duyduk. \u00c7ok mutlu olduk. Ho\u015f, \u00e7ok b\u00fcy\u00fck paralar de\u011fil ama en az\u0131ndan hat\u0131rlanm\u0131\u015f oldu\u011fumuz, bilinmi\u015f oldu\u011fumuz yani bizi bilen bir insan\u0131n bize b\u00f6yle bir ad\u0131m atmas\u0131 bizi \u00e7ok onurland\u0131rd\u0131. \u015eu an \u00e7ok da duyguland\u0131m. Bunlar\u0131n basamak usul\u00fc daha yukar\u0131daki insanlara kadar sirayet etmesini isterim. 9 ayd\u0131r benim evime tek kuru\u015f girmiyor. Hakikaten Vahap Ba\u015fkan\u2019\u0131n b\u00f6yle bir jest yapmas\u0131 \u00e7ok mutlu etti. Bizi bilen bir insan varm\u0131\u015f diyorum\u201d dedi.<br \/>\n\u201cGer\u00e7ekten insanlar s\u0131k\u0131nt\u0131da, hele hele kahveciler komple s\u0131k\u0131nt\u0131da\u201d<br \/>\nEsnaf Faz\u0131l Kaya da 20 y\u0131ldan beri Yo\u011furt Pazar\u0131 civar\u0131nda kahve i\u015fletmecili\u011fi yapt\u0131\u011f\u0131n\u0131 s\u00f6yledi. Ba\u015fkan Se\u00e7er\u2019i esnaf\u0131n aras\u0131nda g\u00f6rd\u00fc\u011f\u00fcn\u00fc ve son olarak su faturas\u0131 deste\u011fiyle de esnafa destek sa\u011flamas\u0131ndan mutluluk duyduklar\u0131n\u0131 belirten Kaya, \u201cGer\u00e7ekten insanlar s\u0131k\u0131nt\u0131da. Hele hele kahveciler komple s\u0131k\u0131nt\u0131da. Adamlar ekmek paras\u0131n\u0131 bulam\u0131yor. Bir makamda oturan bir insan sadece o makam\u0131 d\u00fc\u015f\u00fcnmeyecek, halk\u0131n i\u00e7erisine girecek karde\u015fim. Ben, Vahap Ba\u015fkan Yo\u011furt Pazar\u0131\u2019na geldi\u011finde, gittim davet ettim, bu soka\u011fa geldi. Gelince buradaki insanlarla ilgilendi. Yani o da \u00e7ok g\u00fczel bir \u015fey. Halk\u0131n i\u00e7erisine girmek, halkla isti\u015fare etmek, g\u00f6r\u00fc\u015fmek \u00e7ok g\u00fczel bir \u015fey\u201d diye konu\u015ftu.<br \/>\n\u201cBir nebze nefes almam\u0131za yard\u0131mc\u0131 olacak\u201d<br \/>\nCelil G\u00fcven ise 20 y\u0131ld\u0131r internet kafe i\u015fletmecili\u011fi yapt\u0131\u011f\u0131n\u0131 ancak ekonomik zorluklarla ba\u015f edemez hale geldiklerini belirterek, \u201cBir yerden gelirimiz de yok. Zorlanma \u00e7ok. Yani cebimdeki paray\u0131 g\u00f6stersem utan\u0131r\u0131z art\u0131k. Bana mesaj geldi\u011fi an hemen internetten ba\u015fvurusunu yapt\u0131m. Gayet g\u00fczel bir uygulama. Allah raz\u0131 olsun, ben Vahap Se\u00e7er\u2019den memnunum. Zaten evin ihtiyac\u0131 bizi epey sars\u0131yor. En az\u0131ndan bir nebze nefes almam\u0131za yard\u0131mc\u0131 olacak\u201d ifadelerine yer verdi.<\/p>\n","protected":false},"excerpt":{"rendered":"<p>Salg\u0131n tedbirleri kapsam\u0131nda i\u015f yerleri kapanan 8 bin 500 esnaf\u0131n meskenlerine ait su bor\u00e7lar\u0131n\u0131n 500 TL\u2019ye kadar olan k\u0131sm\u0131n\u0131 Mersin B\u00fcy\u00fck\u015fehir Belediyesi kar\u015f\u0131layacak. \u015eu ana kadar ba\u015fvuruda bulunan 1300 esnaftan &hellip; <a href=\"https:\/\/akdenizolaygazetesi.com\/?p=9779\" class=\"more-link\">Devam\u0131n\u0131 Oku&#8230;<\/a><\/p>\n","protected":false},"author":2,"featured_media":9781,"comment_status":"open","ping_status":"open","sticky":false,"template":"","format":"standard","meta":[],"categories":[8,34,1,3,5],"tags":[],"_links":{"self":[{"href":"https:\/\/akdenizolaygazetesi.com\/index.php?rest_route=\/wp\/v2\/posts\/9779"}],"collection":[{"href":"https:\/\/akdenizolaygazetesi.com\/index.php?rest_route=\/wp\/v2\/posts"}],"about":[{"href":"https:\/\/akdenizolaygazetesi.com\/index.php?rest_route=\/wp\/v2\/types\/post"}],"author":[{"embeddable":true,"href":"https:\/\/akdenizolaygazetesi.com\/index.php?rest_route=\/wp\/v2\/users\/2"}],"replies":[{"embeddable":true,"href":"https:\/\/akdenizolaygazetesi.com\/index.php?rest_route=%2Fwp%2Fv2%2Fcomments&post=9779"}],"version-history":[{"count":2,"href":"https:\/\/akdenizolaygazetesi.com\/index.php?rest_route=\/wp\/v2\/posts\/9779\/revisions"}],"predecessor-version":[{"id":9782,"href":"https:\/\/akdenizolaygazetesi.com\/index.php?rest_route=\/wp\/v2\/posts\/9779\/revisions\/9782"}],"wp:featuredmedia":[{"embeddable":true,"href":"https:\/\/akdenizolaygazetesi.com\/index.php?rest_route=\/wp\/v2\/media\/9781"}],"wp:attachment":[{"href":"https:\/\/akdenizolaygazetesi.com\/index.php?rest_route=%2Fwp%2Fv2%2Fmedia&parent=9779"}],"wp:term":[{"taxonomy":"category","embeddable":true,"href":"https:\/\/akdenizolaygazetesi.com\/index.php?rest_route=%2Fwp%2Fv2%2Fcategories&post=9779"},{"taxonomy":"post_tag","embeddable":true,"href":"https:\/\/akdenizolaygazetesi.com\/index.php?rest_route=%2Fwp%2Fv2%2Ftags&post=9779"}],"curies":[{"name":"wp","href":"https:\/\/api.w.org\/{rel}","templated":true}]}}