{"id":9783,"date":"2020-12-24T12:43:40","date_gmt":"2020-12-24T09:43:40","guid":{"rendered":"http:\/\/akdenizolaygazetesi.com\/?p=9783"},"modified":"2020-12-24T12:44:56","modified_gmt":"2020-12-24T09:44:56","slug":"secer-kadin-emeginin-ekonomik-kazanca-donusmesi-icin-her-turlu-destegi-sunuyoruz","status":"publish","type":"post","link":"https:\/\/akdenizolaygazetesi.com\/?p=9783","title":{"rendered":"SE\u00c7ER: \u201cKADIN EME\u011e\u0130N\u0130N EKONOM\u0130K KAZANCA D\u00d6N\u00dc\u015eMES\u0130 \u0130\u00c7\u0130N HER T\u00dcRL\u00dc DESTE\u011e\u0130 SUNUYORUZ\u201d"},"content":{"rendered":"<p>Mersin B\u00fcy\u00fck\u015fehir Belediye Ba\u015fkan\u0131 Vahap Se\u00e7er, g\u00f6reve geldi\u011fi g\u00fcnden bu yana \u00fcretici kad\u0131nlara deste\u011fini her ge\u00e7en g\u00fcn art\u0131r\u0131yor. Bu kapsamda B\u00fcy\u00fck\u015fehir Belediyesi, \u00d6zgecan Aslan Bar\u0131\u015f Meydan\u0131\u2019nda \u201cKad\u0131n \u00dcreticiler Yeni Y\u0131l Etkinli\u011fi\u201d d\u00fczenledi. Kentin 13 il\u00e7esinde \u00fcretim yapan kad\u0131nlar, Mersinden Kad\u0131n Kooperatifi ve Hayat A\u011fac\u0131 Kooperatifi b\u00fcnyesinde stant a\u00e7\u0131p \u00fcr\u00fcnlerini sergiledi. Ba\u015fkan Se\u00e7er, etkinli\u011fin a\u00e7\u0131l\u0131\u015f\u0131na kat\u0131larak 50 stantta 80 kad\u0131n \u00fcreticinin el eme\u011fi, g\u00f6z nuru \u00fcr\u00fcnlerini inceledi. Ba\u015fkan Se\u00e7er\u2019e Mersinden Kad\u0131n Kooperatifi Ba\u015fkan\u0131 Meral Se\u00e7er, B\u00fcy\u00fck\u015fehir Belediyesi Ba\u015fkan Vekili G\u00fclcan K\u0131\u015f ile Kad\u0131n ve Aile Hizmetleri Dairesi Ba\u015fkan\u0131 \u015eerife Haso\u011flu Dokucu da e\u015flik etti.<br \/>\n\u201cKad\u0131n kooperatiflerimizin destek\u00e7isiyiz\u201d<br \/>\nHer imkanda ve f\u0131rsatta kad\u0131nlara sunulan deste\u011fin harikalarla cevap buldu\u011funu belirten Se\u00e7er, en \u00f6nemli ama\u00e7lar\u0131ndan birinin kad\u0131nlar\u0131n ekonomik hayata dahil edilmesi oldu\u011funun alt\u0131n\u0131 \u00e7izdi. Se\u00e7er, kad\u0131nlar\u0131n g\u00fc\u00e7lerini ortaya \u00e7\u0131karmak ve onlara katk\u0131 sunmak i\u00e7in bir\u00e7ok \u00e7al\u0131\u015fma yapt\u0131klar\u0131n\u0131 hat\u0131rlatarak, \u201cMersinden Kad\u0131n Kooperatifi asl\u0131nda bir g\u00f6n\u00fcll\u00fc ordusunda emekleriyle \u015fekil bulan bir kooperatif. Biz de belediye olarak her t\u00fcrl\u00fc deste\u011fi veriyoruz di\u011fer kooperatiflerimize de oldu\u011fu gibi. De\u011fer veriyoruz, projelerine katk\u0131 sunmaya \u00e7al\u0131\u015f\u0131yoruz. Mersin\u2019de bu konuda \u00e7al\u0131\u015fan b\u00fct\u00fcn kooperatiflerimizin yan\u0131nday\u0131z, destek\u00e7isiyiz. Bu s\u00fcre\u00e7te baz\u0131 s\u0131k\u0131nt\u0131lar ya\u015fanm\u0131yor de\u011fil. \u00d6zellikle pandemi s\u00fcreci, bir\u00e7ok alanda oldu\u011fu gibi kad\u0131nlar\u0131n \u00e7al\u0131\u015fmalar\u0131na da sekte vurdu ama her \u015feye ra\u011fmen bug\u00fcn burada pandemi ve hijyen kurallar\u0131na uygun bir \u015fekilde \u00e7ok g\u00fczel bir ortam sa\u011flad\u0131 arkada\u015flar\u0131m\u0131z\u201d dedi.<br \/>\n\u201c\u0130mkan sundu\u011fumuz zaman kad\u0131nlar harikalar yarat\u0131yorlar\u201d<br \/>\nStant alan\u0131ndaki izlenimlerini de aktaran Se\u00e7er, \u201cBunlar g\u00fczel resimler. \u00c7ok g\u00fczel tablolar. Huzurlu olmak; bir kent i\u00e7in, toplum i\u00e7in \u00f6ncelikli olmal\u0131. Bir evde \u00f6nce huzur olmal\u0131. Zenginsiniz, paran\u0131z var, geliriniz var, huzurunuz yok, hi\u00e7bir i\u015fe yaramaz. \u00d6nce biz kentte mutlulu\u011fu, huzuru sa\u011flayal\u0131m, insanlar\u0131 bir araya getirme gayreti i\u00e7erisinde olal\u0131m. Ama tabii ki insanlar\u0131n insanca medeni ya\u015fam\u0131 i\u00e7in de bir gelire ihtiyac\u0131 oldu\u011funu biliyoruz. Kad\u0131nlar\u0131n bu sebeple el emeklerinin, g\u00f6z nurlar\u0131n\u0131n ekonomik de\u011fere d\u00f6n\u00fc\u015fmesi i\u00e7in her t\u00fcrl\u00fc katk\u0131y\u0131 yap\u0131yoruz. \u015eunu g\u00f6rd\u00fcm; ger\u00e7ekten imk\u00e2n sundu\u011fumuz zaman, onlara yard\u0131mc\u0131 oldu\u011fumuz zaman harikalar yarat\u0131yorlar. Bu b\u00f6lgenin havas\u0131ndan, suyundan, da\u011f\u0131ndan, topra\u011f\u0131ndan nesinden bilmiyorum ama Mersin harika insanlar toplulu\u011fu. Burada kendimi \u00e7ok \u015fansl\u0131 addeden bir belediye ba\u015fkan\u0131y\u0131m.  \u00c7ok daha g\u00fczel g\u00fcnler olacak\u201d diye konu\u015ftu.<br \/>\n\u201cMersinli hem\u015ferilerimin yeni y\u0131l\u0131n\u0131 kutluyorum\u201d<br \/>\nBa\u015fkan Se\u00e7er, pandeminin yaratt\u0131\u011f\u0131 s\u0131k\u0131nt\u0131lar\u0131n her birlikte el birli\u011fi ile a\u015f\u0131laca\u011f\u0131n\u0131 da s\u00f6zlerine ekleyerek, \u201cYeni bir y\u0131la giriyoruz. Tabii ki t\u00fcm d\u00fcnyan\u0131n s\u0131k\u0131nt\u0131l\u0131 oldu\u011fu bir s\u00fcre\u00e7, bunlar da a\u015f\u0131lacakt\u0131r. Bunu el birli\u011fi ile birlik, beraberlik i\u00e7erisinde a\u015faca\u011f\u0131z. Bundan en k\u00fc\u00e7\u00fck bir endi\u015fem bile yok. Gelecek g\u00fcnlerin bug\u00fcnlerden \u00e7ok daha iyi olaca\u011f\u0131n\u0131 g\u00f6r\u00fcyorum. Buna inan\u0131yorum. Biz de elimizden geleni de\u011fil, gere\u011fini yap\u0131yoruz, yapmaya da devam edece\u011fiz. Ben t\u00fcm Mersinli hem\u015ferilerimin bu vesileyle yeni y\u0131l\u0131n\u0131 kutluyorum. Nice nice g\u00fczel y\u0131lba\u015flar\u0131n\u0131 beraber ya\u015fayal\u0131m\u201d temennisinde bulundu.<br \/>\n\u201cBuray\u0131 biz kad\u0131n \u00fcreticilere tahsis etti\u011fi i\u00e7in Ba\u015fkan\u0131m\u2019a \u00e7ok te\u015fekk\u00fcr ediyorum\u201d<br \/>\nBug\u00fcn ba\u015flayan ve yar\u0131n da devam edecek olan etkinlikte Toroslar \u0130l\u00e7esi\u2019nden kat\u0131larak stand\u0131n\u0131 a\u00e7an Sevcan Kaya, Ba\u015fkan Se\u00e7er\u2019e kendilerine verdikleri destekten dolay\u0131 te\u015fekk\u00fcr etti. Kaya, \u201cBa\u015fkan\u0131ma \u00e7ok te\u015fekk\u00fcr ediyorum buray\u0131 biz kad\u0131n \u00fcreticilere tahsis etti\u011fi i\u00e7in. Sa\u011f olsun, var olsun\u201d diye konu\u015ftu.<br \/>\n\u201cKad\u0131n \u00fcreticiler i\u00e7in \u00e7ok iyi\u201d<br \/>\nSahilde gezerken stantlar\u0131 g\u00f6ren ve gezmeye karar veren vatanda\u015f Ayfer Peker, kad\u0131n \u00fcreticilere destek olmak i\u00e7in al\u0131\u015fveri\u015f yapaca\u011f\u0131n\u0131 s\u00f6yleyerek, \u201cGezerken buray\u0131 g\u00f6rd\u00fck. \u00c7ok g\u00fczel bir yer, \u00e7ok ho\u015f. \u00c7i\u00e7ek alaca\u011f\u0131m ben de. Kad\u0131n \u00fcreticiler i\u00e7in \u00e7ok iyi. Biz de al\u0131\u015fveri\u015f yaparak destek veriyoruz\u201d ifadelerini kulland\u0131.<br \/>\n\u201cKad\u0131n her zaman kazan\u0131r\u201d<br \/>\nStantlar\u0131 gezen vatanda\u015flardan bir di\u011feri Nazan I\u015f\u0131k ise gezerken olduk\u00e7a keyif ald\u0131\u011f\u0131n\u0131 belirterek, \u201cHem \u00fcreten kad\u0131nlar\u0131m\u0131z\u0131 desteklemek hem de bir nebze olsun i\u00e7imizin a\u00e7\u0131lmas\u0131 ad\u0131na buraya geldik. Al\u0131\u015fveri\u015f yaparak katk\u0131da bulunuyoruz \u00fcretici kad\u0131nlar\u0131m\u0131za. B\u00fcy\u00fck\u015fehir Belediyesi\u2019ne b\u00f6yle bir etkinlik haz\u0131rlad\u0131\u011f\u0131 i\u00e7in \u00e7ok te\u015fekk\u00fcr ediyorum \u201d dedi. Ba\u015fkan Se\u00e7er\u2019in kad\u0131n \u00fcreticileri desteklemesini de takdir etti\u011fini ifade eden I\u015f\u0131k, \u201cKad\u0131nlar\u0131n evde bir \u015feyler \u00fcretip kendi paralar\u0131n\u0131 kazanmas\u0131n\u0131 desteklemesi, onlara bu imkan\u0131 tan\u0131mas\u0131, onlara pazarlar a\u00e7mas\u0131, kad\u0131nlar\u0131 desteklemesi \u00e7ok g\u00fczel. D\u00fcnya kad\u0131nlar var oldu\u011fu s\u00fcrece ayakta olacak. Kad\u0131n her zaman kazan\u0131r\u201d diye konu\u015ftu.<br \/>\nMut Ta\u015fhan Kad\u0131n \u00dcreticileri de stant a\u00e7an kad\u0131nlar aras\u0131ndayd\u0131.  Mut\u2019lu kad\u0131nlar Ba\u015fkan Se\u00e7er\u2019e kendi \u00fcretimlerine sa\u011flad\u0131\u011f\u0131 katk\u0131 ve imkandan dolay\u0131 te\u015fekk\u00fcr etti.<\/p>\n","protected":false},"excerpt":{"rendered":"<p>Mersin B\u00fcy\u00fck\u015fehir Belediye Ba\u015fkan\u0131 Vahap Se\u00e7er, g\u00f6reve geldi\u011fi g\u00fcnden bu yana \u00fcretici kad\u0131nlara deste\u011fini her ge\u00e7en g\u00fcn art\u0131r\u0131yor. Bu kapsamda B\u00fcy\u00fck\u015fehir Belediyesi, \u00d6zgecan Aslan Bar\u0131\u015f Meydan\u0131\u2019nda \u201cKad\u0131n \u00dcreticiler Yeni Y\u0131l &hellip; <a href=\"https:\/\/akdenizolaygazetesi.com\/?p=9783\" class=\"more-link\">Devam\u0131n\u0131 Oku&#8230;<\/a><\/p>\n","protected":false},"author":2,"featured_media":9785,"comment_status":"open","ping_status":"open","sticky":false,"template":"","format":"standard","meta":[],"categories":[1,2,3,5],"tags":[],"_links":{"self":[{"href":"https:\/\/akdenizolaygazetesi.com\/index.php?rest_route=\/wp\/v2\/posts\/9783"}],"collection":[{"href":"https:\/\/akdenizolaygazetesi.com\/index.php?rest_route=\/wp\/v2\/posts"}],"about":[{"href":"https:\/\/akdenizolaygazetesi.com\/index.php?rest_route=\/wp\/v2\/types\/post"}],"author":[{"embeddable":true,"href":"https:\/\/akdenizolaygazetesi.com\/index.php?rest_route=\/wp\/v2\/users\/2"}],"replies":[{"embeddable":true,"href":"https:\/\/akdenizolaygazetesi.com\/index.php?rest_route=%2Fwp%2Fv2%2Fcomments&post=9783"}],"version-history":[{"count":2,"href":"https:\/\/akdenizolaygazetesi.com\/index.php?rest_route=\/wp\/v2\/posts\/9783\/revisions"}],"predecessor-version":[{"id":9786,"href":"https:\/\/akdenizolaygazetesi.com\/index.php?rest_route=\/wp\/v2\/posts\/9783\/revisions\/9786"}],"wp:featuredmedia":[{"embeddable":true,"href":"https:\/\/akdenizolaygazetesi.com\/index.php?rest_route=\/wp\/v2\/media\/9785"}],"wp:attachment":[{"href":"https:\/\/akdenizolaygazetesi.com\/index.php?rest_route=%2Fwp%2Fv2%2Fmedia&parent=9783"}],"wp:term":[{"taxonomy":"category","embeddable":true,"href":"https:\/\/akdenizolaygazetesi.com\/index.php?rest_route=%2Fwp%2Fv2%2Fcategories&post=9783"},{"taxonomy":"post_tag","embeddable":true,"href":"https:\/\/akdenizolaygazetesi.com\/index.php?rest_route=%2Fwp%2Fv2%2Ftags&post=9783"}],"curies":[{"name":"wp","href":"https:\/\/api.w.org\/{rel}","templated":true}]}}