{"id":9787,"date":"2020-12-24T12:45:54","date_gmt":"2020-12-24T09:45:54","guid":{"rendered":"http:\/\/akdenizolaygazetesi.com\/?p=9787"},"modified":"2020-12-24T12:46:48","modified_gmt":"2020-12-24T09:46:48","slug":"tasarla-cukurova-2020-odul-toreni-yapildi","status":"publish","type":"post","link":"https:\/\/akdenizolaygazetesi.com\/?p=9787","title":{"rendered":"\u2018Tasarla \u00c7ukurova 2020\u2019 \u00f6d\u00fcl t\u00f6reni yap\u0131ld\u0131"},"content":{"rendered":"<p>Birle\u015fmi\u015f Milletler Kalk\u0131nma Program\u0131 (UNDP) ve T.C. Sanayi ve Teknoloji Bakanl\u0131\u011f\u0131 i\u015f birli\u011fi, Avrupa Birli\u011fi (AB) finansman\u0131 ile y\u00fcr\u00fct\u00fclmekte olan Suriye Krizine Yan\u0131t olarak T\u00fcrkiye\u2019de Dayan\u0131kl\u0131l\u0131k Projesi kapsam\u0131nda kurulmakta olan Adana ve Mersin Yenilik Merkezleri kapsam\u0131nda \u00c7ukurova Yenilik ekosisteminde, \u00fcr\u00fcn yenili\u011fi alan\u0131ndaki problemlere ger\u00e7ek\u00e7i \u00e7\u00f6z\u00fcmler sa\u011flayacak Tasar\u0131m Odakl\u0131 Yenilik Yar\u0131\u015fmas\u0131 \u2018Tasarla \u00c7ukurova 2020\u2019 \u00f6d\u00fcl t\u00f6reni \u00e7evrimi\u00e7i olarak ger\u00e7ekle\u015ftirildi.<\/p>\n<p>Mersin Tarsus Organize Sanayi B\u00f6lgesi i\u00e7erisinde faaliyetlerini s\u00fcrd\u00fcren Mersin Yenilik Merkezi ve Adana\u2019da faaliyetlerini s\u00fcrd\u00fcren Adana Yenilik Merkezi taraf\u0131ndan d\u00fczenlenen \u2018Tasarla \u00c7ukurova 2020\u2019 yar\u0131\u015fmas\u0131n\u0131n sonu\u00e7lar\u0131 \u00e7evrimi\u00e7i d\u00fczenlenen \u00f6d\u00fcl t\u00f6reni ile a\u00e7\u0131kland\u0131.<\/p>\n<p>Mersin Ticaret ve Sanayi Odas\u0131 Ba\u015fkan\u0131 Ayhan K\u0131z\u0131ltan, Adana Sanayi Odas\u0131 Ba\u015fkan\u0131 Zeki K\u0131van\u00e7 ve Mersin Tarsus Organize Sanayi B\u00f6lgesi Model Fabrika ve Yenilik Merkezi\u2019nden Sorumlu Y\u00f6netim Kurulu \u00dcyesi Halit Altun\u2019un kat\u0131l\u0131mlar\u0131 ile ger\u00e7ekle\u015fen \u00e7evrimi\u00e7i \u00f6d\u00fcl t\u00f6reninde dereceye girenler \u00f6d\u00fcllerini ald\u0131lar.<\/p>\n<p>\u201cTasarla \u00c7ukurova 2020\u201d ad\u0131n\u0131 alan Tasar\u0131m Odakl\u0131 Yenilik Yar\u0131\u015fmas\u0131\u2019n\u0131n, yenilik ku\u0308ltu\u0308ru\u0308nu\u0308 beslemek, yenilik ekosistemini geli\u015ftirmek, ekosistemdeki i\u015fletmelerin yenilik i\u00e7in olan ihtiya\u00e7lar\u0131n\u0131 belirleyerek onlara yol haritas\u0131 olu\u015fturmak ve fiziksel altyap\u0131 gibi yenilik kapasitesi geli\u015ftirme hizmetleri sunan Adana ve Mersin Yenilik Merkezleri\u2019nin, Fark\u0131ndal\u0131k ve Ekosistem Geli\u015ftirme Hizmetleri d\u00e2hilindeki y\u00fcr\u00fct\u00fclen etkinlik serilerinden biri oldu\u011funu belirten MTOSB Y\u00f6netim Kurulu \u00dcyesi Altun, \u2018Yar\u0131\u015fman\u0131n amac\u0131; \u00c7ukurova ve Tu\u0308rkiye yenilik ekosistemlerinde kar\u015f\u0131la\u015f\u0131lan u\u0308ru\u0308n inovasyonu eksikliklerine ger\u00e7ek\u00e7i katk\u0131lar sunmak ve u\u0308ru\u0308n tasar\u0131m\u0131 alan\u0131ndaki yenilik du\u0308zeyini art\u0131rmakt\u0131r. \u201cTasarla \u00c7ukurova 2020\u201d; bir yandan KOB\u0130 ve giri\u015fimcilerin i\u015f, \u00fcr\u00fcn, hizmet veya teknolojide yenilik elde etmek i\u00e7in di\u011fer ki\u015fi ve kurulu\u015flarla ba\u011flant\u0131 kurmas\u0131na ve i\u015fbirli\u011fi yapmas\u0131na olanak sa\u011flayacak ve ayr\u0131ca tasar\u0131m konusundaki bilgi ve yeteneklerini geli\u015ftirecek bir organizasyon olarak tasarlanm\u0131\u015ft\u0131r. Bu do\u011frultuda yar\u0131\u015fma s\u00fcreci, Temmuz 2020 tarihinde KOB\u0130\u2019lerin tasar\u0131msal sorunlar\u0131n\u0131n ve sekt\u00f6rlerindeki tasar\u0131m problem ve ihtiya\u00e7lar\u0131n\u0131n tespiti amac\u0131yla iki adet at\u00f6lye \u00e7al\u0131\u015fmas\u0131 ile ba\u015flam\u0131\u015ft\u0131r. \u00c7ukurova B\u00f6lgesi\u2019ndeki KOB\u0130\u2019lerin yer ald\u0131\u011f\u0131 at\u00f6lye \u00e7al\u0131\u015fmalar\u0131yla \u00f6nde gelen sekt\u00f6rlerdeki tasar\u0131m ihtiya\u00e7lar\u0131ndan birinin \u00f6nceliklendirilmesi ve yar\u0131\u015fma konusu olarak belirlenmesi a\u015famas\u0131 tamamlanm\u0131\u015ft\u0131r.  G\u0131da paketlemesine y\u00f6nelik problemin belirlenmesinin ard\u0131ndan 22 A\u011fustos 2020 tarihinde yar\u0131\u015fma websitesi \u00fczerinden\u201cTasarla \u00c7ukurova 2020\u201d ilan edilmi\u015ftir. 30 Ekim 2020 tarihine dek ba\u015fvurular toplanm\u0131\u015f; 2-4 Kas\u0131m tarihlerinde 1. J\u00fcri De\u011ferlendirmesi sonucunda Geli\u015ftirme \u00d6d\u00fcl\u00fc kazanan 10 proje\/ekip, geli\u015ftirme yolculu\u011funda konunun uzman\u0131 mentorlerin rehberli\u011finde 7-8 Kas\u0131m tarihlerinde d\u00fczenlenen Design Sprint&#8217;e kat\u0131lm\u0131\u015ft\u0131r. \u0130kinci a\u015fama olarak finalist ekipler, fikirlerini ve prototiplerini \u00e7al\u0131\u015fan ve \u00fcr\u00fcnle\u015fen bir prototipe y\u00fckseltecekleri prototip a\u015famas\u0131na girmi\u015ftir. 23-28 Kas\u0131m 2020 tarihleri aras\u0131nda ger\u00e7ekle\u015fen proto tipleme a\u015famas\u0131nda; Adana Yenilik Merkezi FabLab\u2019i, ilk kez alt yap\u0131 sa\u011flama hizmeti kapsam\u0131nda yar\u0131\u015fmac\u0131 ekipler taraf\u0131ndan kullan\u0131lm\u0131\u015ft\u0131r. \u00dc\u00e7\u00fcnc\u00fc a\u015fama olan prototipleme s\u00fcrecinin ard\u0131ndan 15-18 Aral\u0131k 2020 tarihlerinde ger\u00e7ekle\u015fen final de\u011ferlendirme sonucunda \u00f6d\u00fcllendirilecek ilk 3 proje, belirlenmi\u015ftir\u2019 dedi.<\/p>\n<p>Yar\u0131\u015fmada farkl\u0131 kullan\u0131c\u0131lar\u0131n ya da farkl\u0131 ihtiya\u00e7lar\u0131n tek bir ambalajla kar\u015f\u0131lanmas\u0131 i\u00e7in tasarlanan ve tek bir ambalaj\u0131n 6 farkl\u0131 fonksiyonda kullan\u0131lmas\u0131, kullan\u0131c\u0131n\u0131n ihtiyac\u0131na g\u00f6re fonksiyon kullan\u0131m\u0131n\u0131 ya da fonksiyona g\u00f6re hedef kitlenin geni\u015fletilmesini ama\u00e7lanan Kuruya \u00fcr\u00fcn\u00fc birincili\u011fi elde ederken, 5 ile 7 ya\u015f aras\u0131 \u00e7ocuklar\u0131n sosyal geli\u015fimlerine katk\u0131 sa\u011flarken onlara k\u00fclt\u00fcrel de\u011ferleri a\u015f\u0131lamay\u0131 hedefleyen s\u00fcrd\u00fcr\u00fclebilir bir paketleme \u00e7\u00f6z\u00fcm\u00fc olan, t\u00fcketim al\u0131\u015fkanl\u0131klar\u0131n\u0131 ve \u00e7ocuklar ile bak\u0131m verenleri aras\u0131ndaki k\u00f6pr\u00fcleri yeniden tan\u0131mlayan Ba ikincili\u011fi,  narenciye t\u00fcketimine yenilik\u00e7i bir yakla\u015f\u0131mda bulunup, inovatif bir kullan\u0131c\u0131 deneyimi sa\u011flayan, narenciye \u00fcr\u00fcnlerine verilen de\u011feri artt\u0131rmak ve bir marka yaratarak bu katma de\u011feri kullan\u0131c\u0131lara aktarmak hedeflenen Bite \u00fcr\u00fcn\u00fc \u00fc\u00e7\u00fcnc\u00fcl\u00fc\u011f\u00fc elde etti.<\/p>\n","protected":false},"excerpt":{"rendered":"<p>Birle\u015fmi\u015f Milletler Kalk\u0131nma Program\u0131 (UNDP) ve T.C. Sanayi ve Teknoloji Bakanl\u0131\u011f\u0131 i\u015f birli\u011fi, Avrupa Birli\u011fi (AB) finansman\u0131 ile y\u00fcr\u00fct\u00fclmekte olan Suriye Krizine Yan\u0131t olarak T\u00fcrkiye\u2019de Dayan\u0131kl\u0131l\u0131k Projesi kapsam\u0131nda kurulmakta olan &hellip; <a href=\"https:\/\/akdenizolaygazetesi.com\/?p=9787\" class=\"more-link\">Devam\u0131n\u0131 Oku&#8230;<\/a><\/p>\n","protected":false},"author":2,"featured_media":9789,"comment_status":"open","ping_status":"open","sticky":false,"template":"","format":"standard","meta":[],"categories":[34,1],"tags":[],"_links":{"self":[{"href":"https:\/\/akdenizolaygazetesi.com\/index.php?rest_route=\/wp\/v2\/posts\/9787"}],"collection":[{"href":"https:\/\/akdenizolaygazetesi.com\/index.php?rest_route=\/wp\/v2\/posts"}],"about":[{"href":"https:\/\/akdenizolaygazetesi.com\/index.php?rest_route=\/wp\/v2\/types\/post"}],"author":[{"embeddable":true,"href":"https:\/\/akdenizolaygazetesi.com\/index.php?rest_route=\/wp\/v2\/users\/2"}],"replies":[{"embeddable":true,"href":"https:\/\/akdenizolaygazetesi.com\/index.php?rest_route=%2Fwp%2Fv2%2Fcomments&post=9787"}],"version-history":[{"count":2,"href":"https:\/\/akdenizolaygazetesi.com\/index.php?rest_route=\/wp\/v2\/posts\/9787\/revisions"}],"predecessor-version":[{"id":9790,"href":"https:\/\/akdenizolaygazetesi.com\/index.php?rest_route=\/wp\/v2\/posts\/9787\/revisions\/9790"}],"wp:featuredmedia":[{"embeddable":true,"href":"https:\/\/akdenizolaygazetesi.com\/index.php?rest_route=\/wp\/v2\/media\/9789"}],"wp:attachment":[{"href":"https:\/\/akdenizolaygazetesi.com\/index.php?rest_route=%2Fwp%2Fv2%2Fmedia&parent=9787"}],"wp:term":[{"taxonomy":"category","embeddable":true,"href":"https:\/\/akdenizolaygazetesi.com\/index.php?rest_route=%2Fwp%2Fv2%2Fcategories&post=9787"},{"taxonomy":"post_tag","embeddable":true,"href":"https:\/\/akdenizolaygazetesi.com\/index.php?rest_route=%2Fwp%2Fv2%2Ftags&post=9787"}],"curies":[{"name":"wp","href":"https:\/\/api.w.org\/{rel}","templated":true}]}}