{"id":9791,"date":"2020-12-25T12:13:48","date_gmt":"2020-12-25T09:13:48","guid":{"rendered":"http:\/\/akdenizolaygazetesi.com\/?p=9791"},"modified":"2020-12-25T12:14:50","modified_gmt":"2020-12-25T09:14:50","slug":"noel-ayinine-katilan-baskan-secerden-birlik-ve-beraberlik-mesaji","status":"publish","type":"post","link":"https:\/\/akdenizolaygazetesi.com\/?p=9791","title":{"rendered":"NOEL AY\u0130N\u0130NE KATILAN BA\u015eKAN SE\u00c7ER\u2019DEN B\u0130RL\u0130K VE BERABERL\u0130K MESAJI"},"content":{"rendered":"<p>Mersin B\u00fcy\u00fck\u015fehir Belediye Ba\u015fkan\u0131 Vahap Se\u00e7er, Latin \u0130talyan Katolik Kilisesi\u2019nde Hristiyan vatanda\u015flar\u0131n Noel Bayram\u0131 i\u00e7in d\u00fczenlenen ayine kat\u0131ld\u0131. Peder Rosham Cordeiro\u2019nun y\u00f6netti\u011fi ayinde mum yak\u0131ld\u0131, ilahiler ve \u0130ncil\u2019den b\u00f6l\u00fcmler okunup dualar edildi. Ba\u015fkan Se\u00e7er, Mersin\u2019in k\u00fclt\u00fcrel ve inan\u00e7sal \u00e7e\u015fitlilik bak\u0131m\u0131ndan zengin bir kent oldu\u011funu vurgulayarak, \u201cBurada birlik, beraberlik ve karde\u015flik i\u00e7erisinde ya\u015fayaca\u011f\u0131z. Bu kentte ya\u015fayan hi\u00e7 kimse yaln\u0131z de\u011fildir. Bizim karde\u015fimizdir\u201d dedi.<br \/>\n\u201cDualar\u0131m\u0131zda d\u00fcnyan\u0131n bu illetten bir an \u00f6nce kurtulmas\u0131 olacak\u201d<br \/>\nAyine Mersin B\u00fcy\u00fck\u015fehir Belediye Ba\u015fkan\u0131 Vahap Se\u00e7er, B\u00fcy\u00fck\u015fehir Belediyesi Ba\u015fkan Vekili G\u00fclcan K\u0131\u015f, B\u00fcy\u00fck\u015fehir Belediyesi Bas\u0131n Yay\u0131n ve Halkla \u0130li\u015fkiler Dairesi Ba\u015fkan\u0131 Bedrettin G\u00fcnde\u015f ile Latin \u0130talyan Katolik Kilisesi cemaati kat\u0131ld\u0131.<br \/>\nLatin \u0130talyan Katolik Kilisesi cemaatinin Noel Bayram\u0131\u2019n\u0131 kutlayarak konu\u015fmas\u0131na ba\u015flayan Se\u00e7er, Noel\u2019in t\u00fcm d\u00fcnyaya \u00f6nce sa\u011fl\u0131k getirmesini temenni etti. D\u00fcnya olarak pandemide \u00e7ok \u00f6nemli bir s\u00fcre\u00e7ten ge\u00e7ildi\u011fini vurgulayan Se\u00e7er, \u015funlar\u0131 s\u00f6yledi:<br \/>\n\u201cHangi dinden, hangi \u0131rktan, hangi b\u00f6lgeden, hangi milletten olursak olal\u0131m, \u015fu anda m\u00fccadele etti\u011fimiz bir tek d\u00fc\u015fman var o da koronavir\u00fcs. \u00d6nemli ac\u0131lar ya\u015f\u0131yor insanl\u0131k. \u0130nsanl\u0131k tarihinin ge\u00e7mi\u015ften bug\u00fcne belki de en \u00f6nemli s\u00fcre\u00e7lerini ya\u015f\u0131yoruz. Elbette bilimin \u0131\u015f\u0131\u011f\u0131nda, akl\u0131n yol g\u00f6stericili\u011finde bu m\u00fccadeleyi s\u00fcrd\u00fcrece\u011fiz. Ama bunu yaparken de hangi dinden olursak olal\u0131m, hangi y\u00f6reden olursak olal\u0131m, Allah&#8217;\u0131m\u0131z tek. Do\u011fruluk, d\u00fcr\u00fcstl\u00fck, yard\u0131mseverlik, adaletli, hakkaniyetli olmak, insanlarla hangi dinden olursa olsun karde\u015f\u00e7e ya\u015famak ortak hedefimiz. Hepimiz ayn\u0131 Allah\u2019a inan\u0131yoruz. Dualar\u0131m\u0131zda bu m\u00fccadele s\u00fcrecinde d\u00fcnyan\u0131n bu illetten bir an \u00f6nce kurtulmas\u0131 olacak.\u201d<br \/>\n\u201cBu kentte ya\u015fayan hi\u00e7 kimse yaln\u0131z de\u011fildir\u201d<br \/>\nNoel ayinini izlemekten duydu\u011fu memnuniyeti dile getiren Ba\u015fkan Se\u00e7er, \u201cMersin \u00fclkemizin, b\u00f6lgemizin, d\u00fcnyan\u0131n \u00e7ok g\u00fczel bir yerle\u015fim yeri. \u00c7ok m\u00fcstesna, \u00e7ok ender rastlan\u0131r, her t\u00fcrl\u00fc g\u00fczelli\u011fe sahip bir kent. Ba\u015fta insan\u0131yla, insan \u00e7e\u015fitlili\u011fiyle, Allah&#8217;\u0131n l\u00fctfetti\u011fi do\u011fas\u0131yla, ku\u015fuyla, kurduyla, bitkisiyle, \u00e7i\u00e7e\u011fiyle, deniziyle muazzam bir \u015fehirde ya\u015f\u0131yoruz. Burada birlik i\u00e7erisinde ya\u015fayaca\u011f\u0131z. Beraberlik i\u00e7erisinde ya\u015fayaca\u011f\u0131z. Karde\u015flik i\u00e7erisinde ya\u015fayaca\u011f\u0131z. Bu kentte ya\u015fayan hi\u00e7 kimse yaln\u0131z de\u011fildir. Bizim karde\u015fimizdir. En s\u0131k\u0131nt\u0131l\u0131 g\u00fcn\u00fcnde de, en mutlu g\u00fcn\u00fcnde de, en \u00f6zel g\u00fcn\u00fcnde de biz o karde\u015fimizin yan\u0131nda olaca\u011f\u0131z. \u00c7ok te\u015fekk\u00fcr ediyorum. T\u00fcm cemaatinizin Noel\u2019ini kutluyorum\u201d diye konu\u015ftu.<\/p>\n<p>ME<\/p>\n","protected":false},"excerpt":{"rendered":"<p>Mersin B\u00fcy\u00fck\u015fehir Belediye Ba\u015fkan\u0131 Vahap Se\u00e7er, Latin \u0130talyan Katolik Kilisesi\u2019nde Hristiyan vatanda\u015flar\u0131n Noel Bayram\u0131 i\u00e7in d\u00fczenlenen ayine kat\u0131ld\u0131. Peder Rosham Cordeiro\u2019nun y\u00f6netti\u011fi ayinde mum yak\u0131ld\u0131, ilahiler ve \u0130ncil\u2019den b\u00f6l\u00fcmler okunup &hellip; <a href=\"https:\/\/akdenizolaygazetesi.com\/?p=9791\" class=\"more-link\">Devam\u0131n\u0131 Oku&#8230;<\/a><\/p>\n","protected":false},"author":2,"featured_media":9793,"comment_status":"open","ping_status":"open","sticky":false,"template":"","format":"standard","meta":[],"categories":[1,2,3,5],"tags":[],"_links":{"self":[{"href":"https:\/\/akdenizolaygazetesi.com\/index.php?rest_route=\/wp\/v2\/posts\/9791"}],"collection":[{"href":"https:\/\/akdenizolaygazetesi.com\/index.php?rest_route=\/wp\/v2\/posts"}],"about":[{"href":"https:\/\/akdenizolaygazetesi.com\/index.php?rest_route=\/wp\/v2\/types\/post"}],"author":[{"embeddable":true,"href":"https:\/\/akdenizolaygazetesi.com\/index.php?rest_route=\/wp\/v2\/users\/2"}],"replies":[{"embeddable":true,"href":"https:\/\/akdenizolaygazetesi.com\/index.php?rest_route=%2Fwp%2Fv2%2Fcomments&post=9791"}],"version-history":[{"count":1,"href":"https:\/\/akdenizolaygazetesi.com\/index.php?rest_route=\/wp\/v2\/posts\/9791\/revisions"}],"predecessor-version":[{"id":9792,"href":"https:\/\/akdenizolaygazetesi.com\/index.php?rest_route=\/wp\/v2\/posts\/9791\/revisions\/9792"}],"wp:featuredmedia":[{"embeddable":true,"href":"https:\/\/akdenizolaygazetesi.com\/index.php?rest_route=\/wp\/v2\/media\/9793"}],"wp:attachment":[{"href":"https:\/\/akdenizolaygazetesi.com\/index.php?rest_route=%2Fwp%2Fv2%2Fmedia&parent=9791"}],"wp:term":[{"taxonomy":"category","embeddable":true,"href":"https:\/\/akdenizolaygazetesi.com\/index.php?rest_route=%2Fwp%2Fv2%2Fcategories&post=9791"},{"taxonomy":"post_tag","embeddable":true,"href":"https:\/\/akdenizolaygazetesi.com\/index.php?rest_route=%2Fwp%2Fv2%2Ftags&post=9791"}],"curies":[{"name":"wp","href":"https:\/\/api.w.org\/{rel}","templated":true}]}}