{"id":9794,"date":"2020-12-25T12:15:57","date_gmt":"2020-12-25T09:15:57","guid":{"rendered":"http:\/\/akdenizolaygazetesi.com\/?p=9794"},"modified":"2020-12-25T12:17:07","modified_gmt":"2020-12-25T09:17:07","slug":"mahalle-mutfaklarinin-sayisi-10a-yukseldi","status":"publish","type":"post","link":"https:\/\/akdenizolaygazetesi.com\/?p=9794","title":{"rendered":"MAHALLE MUTFAKLARI\u2019NIN SAYISI 10\u2019A Y\u00dcKSELD\u0130"},"content":{"rendered":"<p>Mersin B\u00fcy\u00fck\u015fehir Belediyesi Sosyal Hizmetler Dairesi\u2019nin dar gelirli yurtta\u015flar\u0131n yo\u011fun olarak ya\u015fad\u0131\u011f\u0131 noktalarda ba\u015flatt\u0131\u011f\u0131 Mahalle Mutfaklar\u0131 hizmetinin a\u011f\u0131 her ge\u00e7en g\u00fcn geni\u015fliyor. 4 noktayla ba\u015flayan hizmet, Tarsus\u2019ta a\u00e7\u0131lan 3 noktayla birlikte yak\u0131n zamanda 7\u2019ye y\u00fckselmi\u015fti. Son olarak Akdeniz \u0130l\u00e7esi\u2019ne ba\u011fl\u0131 \u00c7ilek ve Bar\u0131\u015f ile Toroslar \u0130l\u00e7esi\u2019ne ba\u011fl\u0131 Turgut T\u00fcrkalp mahallelerinde de ba\u015flayan hizmetle Mahalle Mutfaklar\u0131\u2019n\u0131n say\u0131s\u0131 10\u2019a \u00e7\u0131kt\u0131. Bu mutfaklarda hafta i\u00e7i her g\u00fcn yurtta\u015flara 3 TL\u2019ye 3 \u00e7e\u015fit yemek sunuluyor.<br \/>\nA\u015fhane\u2019de pi\u015fen yemekler her g\u00fcn 10 noktaya ula\u015f\u0131yor<br \/>\n\u201cTenceremiz Payla\u015f\u0131m \u0130\u00e7in Kayn\u0131yor\u201d slogan\u0131yla Halkkent, Demirta\u015f, Kurdali ve \u015eevket S\u00fcmer mahallelerinde hizmet vermeye ba\u015flayan Mahalle Mutfaklar\u0131\u2019n\u0131n yemekleri, B\u00fcy\u00fck\u015fehir\u2019in A\u015fhanesi\u2019nde usta a\u015f\u00e7\u0131lar taraf\u0131ndan haz\u0131rlan\u0131p ayl\u0131k ortalama 10 bin yurtta\u015fa ula\u015ft\u0131. B\u00fcy\u00fck\u015fehir, Aral\u0131k ay\u0131 i\u00e7erisinde Tarsus \u0130l\u00e7esi\u2019nde Girne, Ba\u011flar ve Tekke Mahalleleri\u2019nde a\u00e7t\u0131\u011f\u0131 3 noktan\u0131n ard\u0131ndan Akdeniz ve Toroslar il\u00e7elerinde 3 noktada daha Mahalle Mutfa\u011f\u0131 hizmetini ba\u015flatt\u0131.<br \/>\n\u201cMahalle Mutfaklar\u0131\u2019n\u0131 13 il\u00e7ede a\u00e7maya do\u011fru bir \u00e7aba sarf ediyoruz\u201d<br \/>\nB\u00fcy\u00fck\u015fehir Belediyesi Sosyal Yard\u0131mlar \u015eube M\u00fcd\u00fcr\u00fc Engin Y\u0131ld\u0131r\u0131m, yeni a\u00e7\u0131lan Mahalle Mutfaklar\u0131\u2019yla birlikte \u015fu anda 10 noktada hizmet verdiklerini belirterek, \u201cMahalle Mutfaklar\u0131\u2019n\u0131 yayg\u0131nla\u015ft\u0131rmaya, i\u015fin sonunda da 13 il\u00e7ede a\u00e7maya do\u011fru bir \u00e7aba sarf ediyoruz. Bu zor g\u00fcnlerde dar gelirli vatanda\u015flar\u0131m\u0131z\u0131n yaras\u0131na bir merhem olma derdindeyiz. Olu\u015fturdu\u011fumuz toplam 10 noktada hafta i\u00e7i her g\u00fcn 16.30-18.30 aras\u0131nda 2 saatlik zaman diliminde hafta i\u00e7i her g\u00fcn Mahalle Mutfaklar\u0131m\u0131z hizmet verecektir\u201d dedi.<br \/>\n\u201cBu bir sosyal belediyecilik anlay\u0131\u015f\u0131d\u0131r\u201d<br \/>\nAkdeniz \u0130l\u00e7esi \u00c7ilek Mahallesi Muhtar\u0131 Selim Tokmak, Mahalle Mutfaklar\u0131\u2019n\u0131n gerekli bir hizmet oldu\u011funu vurgulayarak, \u201cBu bir sosyal belediyecilik anlay\u0131\u015f\u0131d\u0131r. B\u00fcy\u00fck\u015fehir Belediye Ba\u015fkan\u0131m\u0131z Say\u0131n Vahap Se\u00e7er\u2019in b\u00f6yle bir i\u015fe el atmas\u0131 bizi \u00e7ok sevindirdi. Hem milletin ekonomik durumuyla ilgili hem de pandemi nedeniyle bir\u00e7ok insan\u0131m\u0131z i\u015fsiz durumda, \u00e7al\u0131\u015famayacak durumda. Mahalle olarak bizim b\u00f6yle bir \u00e7al\u0131\u015fmaya ihtiyac\u0131m\u0131z vard\u0131\u201d dedi.<br \/>\n\u201cBundan iyisi can sa\u011fl\u0131\u011f\u0131\u201d<br \/>\nToroslar \u0130l\u00e7esi Turgut T\u00fcrkalp Mahalle Muhtar\u0131 Ramazan Avcil ise \u201cTalebimizi de\u011ferlendirip uygun g\u00f6rd\u00fckleri i\u00e7in \u00e7ok te\u015fekk\u00fcr ediyoruz. 5 ki\u015filik bir aile 15 TL\u2019ye karn\u0131n\u0131 doyuracak. Turun\u00e7lu ve Turgut T\u00fcrkalp Mahallesi\u2019nde ya\u015fayanlar\u0131n geliri biraz d\u00fc\u015f\u00fck oldu\u011fundan dolay\u0131 b\u00f6yle bir ihtiya\u00e7 ger\u00e7ekten vard\u0131\u201d diye konu\u015ftu. Turun\u00e7lu Mahalle Muhtar\u0131 Mehmet Nedim Zert\u00fcrk de iki mahallenin kesi\u015fim noktas\u0131nda yer alan Mahalle Mutfa\u011f\u0131\u2019ndan Turun\u00e7lu sakinlerinin de yararlanabildi\u011fini kaydederek, \u201cBundan iyisi can sa\u011fl\u0131\u011f\u0131. Buna sebep olan B\u00fcy\u00fck\u015fehir Belediye Ba\u015fkan\u0131m\u0131z\u2019a ve b\u00fct\u00fcn ekibine te\u015fekk\u00fcr ediyoruz. Ger\u00e7ekten g\u00fczel bir hizmet veriyor\u201d dedi.<br \/>\n\u201cBu zor s\u00fcre\u00e7te halk\u0131n yan\u0131nda oldu\u011fu i\u00e7in Vahap Se\u00e7er\u2019e te\u015fekk\u00fcr ediyorum\u201d<br \/>\n\u00c7ilek Mahallesi sakinlerinden Mustafa Ero\u011flu, \u00f6zellikle salg\u0131n s\u00fcrecinde insanlar\u0131n ekonomik zorluklarla kar\u015f\u0131 kar\u015f\u0131ya kald\u0131klar\u0131n\u0131 ve Ba\u015fkan Se\u00e7er\u2019in yapt\u0131\u011f\u0131 hizmetlerle vatanda\u015flar\u0131n yan\u0131nda durdu\u011funu vurgulayarak, \u201cBelediye ba\u015fkanl\u0131\u011f\u0131na geldi\u011fi g\u00fcnden beri ger\u00e7ekten Mersinimiz\u2019de \u00e7ok fakl\u0131 boyutlarda sosyal anlamda, yurtta\u015flar\u0131 sahiplenme konusunda \u00e7ok b\u00fcy\u00fck fark g\u00f6sterdi. \u00d6zellikle \u015fu pandemi d\u00f6neminde vatanda\u015f\u0131n yan\u0131nda olmas\u0131 Say\u0131n Vahap Se\u00e7er\u2019in \u00e7ok b\u00fcy\u00fck bir insanl\u0131k \u00f6rne\u011fidir. Aram\u0131zda bir\u00e7ok yoksul insan var. Bu zor s\u00fcre\u00e7te halk\u0131n yan\u0131nda oldu\u011fu i\u00e7in halk\u0131m\u0131z ad\u0131na Say\u0131n Vahap Se\u00e7er\u2019e ben te\u015fekk\u00fcr ediyorum\u201d ifadelerine yer verdi.<br \/>\n\u00c7ilek Mahallesi sakinlerinden Bahri Kamer ise 3 liran\u0131n uygun bir fiyat oldu\u011funu belirterek, \u201c3 lira \u00e7ok pahal\u0131 bir \u015fey de\u011fil. Belediye ba\u015fkan\u0131n\u0131n b\u00f6yle d\u00fc\u015f\u00fcnmesi m\u00fckemmel bir \u015fey\u201d dedi.<\/p>\n","protected":false},"excerpt":{"rendered":"<p>Mersin B\u00fcy\u00fck\u015fehir Belediyesi Sosyal Hizmetler Dairesi\u2019nin dar gelirli yurtta\u015flar\u0131n yo\u011fun olarak ya\u015fad\u0131\u011f\u0131 noktalarda ba\u015flatt\u0131\u011f\u0131 Mahalle Mutfaklar\u0131 hizmetinin a\u011f\u0131 her ge\u00e7en g\u00fcn geni\u015fliyor. 4 noktayla ba\u015flayan hizmet, Tarsus\u2019ta a\u00e7\u0131lan 3 noktayla &hellip; <a href=\"https:\/\/akdenizolaygazetesi.com\/?p=9794\" class=\"more-link\">Devam\u0131n\u0131 Oku&#8230;<\/a><\/p>\n","protected":false},"author":2,"featured_media":9796,"comment_status":"open","ping_status":"open","sticky":false,"template":"","format":"standard","meta":[],"categories":[1,2,3,5],"tags":[],"_links":{"self":[{"href":"https:\/\/akdenizolaygazetesi.com\/index.php?rest_route=\/wp\/v2\/posts\/9794"}],"collection":[{"href":"https:\/\/akdenizolaygazetesi.com\/index.php?rest_route=\/wp\/v2\/posts"}],"about":[{"href":"https:\/\/akdenizolaygazetesi.com\/index.php?rest_route=\/wp\/v2\/types\/post"}],"author":[{"embeddable":true,"href":"https:\/\/akdenizolaygazetesi.com\/index.php?rest_route=\/wp\/v2\/users\/2"}],"replies":[{"embeddable":true,"href":"https:\/\/akdenizolaygazetesi.com\/index.php?rest_route=%2Fwp%2Fv2%2Fcomments&post=9794"}],"version-history":[{"count":2,"href":"https:\/\/akdenizolaygazetesi.com\/index.php?rest_route=\/wp\/v2\/posts\/9794\/revisions"}],"predecessor-version":[{"id":9797,"href":"https:\/\/akdenizolaygazetesi.com\/index.php?rest_route=\/wp\/v2\/posts\/9794\/revisions\/9797"}],"wp:featuredmedia":[{"embeddable":true,"href":"https:\/\/akdenizolaygazetesi.com\/index.php?rest_route=\/wp\/v2\/media\/9796"}],"wp:attachment":[{"href":"https:\/\/akdenizolaygazetesi.com\/index.php?rest_route=%2Fwp%2Fv2%2Fmedia&parent=9794"}],"wp:term":[{"taxonomy":"category","embeddable":true,"href":"https:\/\/akdenizolaygazetesi.com\/index.php?rest_route=%2Fwp%2Fv2%2Fcategories&post=9794"},{"taxonomy":"post_tag","embeddable":true,"href":"https:\/\/akdenizolaygazetesi.com\/index.php?rest_route=%2Fwp%2Fv2%2Ftags&post=9794"}],"curies":[{"name":"wp","href":"https:\/\/api.w.org\/{rel}","templated":true}]}}