{"id":980,"date":"2020-11-04T18:21:34","date_gmt":"2020-11-04T15:21:34","guid":{"rendered":"http:\/\/mersinekonomipolitikagazetesi.com\/?p=980"},"modified":"2020-11-04T18:21:34","modified_gmt":"2020-11-04T15:21:34","slug":"serinlemek-icin-denize-giren-2-arkadas-boguldu","status":"publish","type":"post","link":"https:\/\/akdenizolaygazetesi.com\/?p=980","title":{"rendered":"Serinlemek i\u00e7in denize giren 2 arkada\u015f bo\u011fuldu"},"content":{"rendered":"<p>Mersin&#8217;in Erdemli il\u00e7esinde serinlemek i\u00e7in denize giren 2 ki\u015fi, bo\u011fularak hayat\u0131n\u0131 kaybetti.<\/p>\n<p><span style=\"color: rgb(0, 0, 0); font-family: Tahoma, Arial, 'Times New Roman TUR', Verdana; font-size: 15px; line-height: normal;\">Al\u0131nan bilgiye g\u00f6re, 15-16 ya\u015flar\u0131ndaki Emircan Durak ile \u0130dris Buruk, serinlemek i\u00e7in il\u00e7enin \u00c7aml\u0131k civar\u0131ndaki sahilinde denize girdi. Y\u00fczme bilmedikleri <a href=\"http:\/\/www.kocaeliescort.com\/\" title=\"kocaeli escort\">kocaeli escort<\/a> belirtilen Durak ve Buruk suda bat\u0131p \u00e7\u0131kmaya ba\u015flad\u0131. Vatanda\u015flar\u0131n fark etmesi \u00fczerine denizden \u00e7\u0131kar\u0131lan \u00e7ocuklara olay yerine \u00e7a\u011fr\u0131lan sa\u011fl\u0131k ekipleri m\u00fcdahale etti ancak \u00e7ocuklar kurtar\u0131lamad\u0131.<\/span><br style=\"color: rgb(0, 0, 0); font-family: Tahoma, Arial, 'Times New Roman TUR', Verdana; font-size: 15px; line-height: normal;\" \/><br \/>\n<span style=\"color: rgb(0, 0, 0); font-family: Tahoma, Arial, 'Times New Roman TUR', Verdana; font-size: 15px; line-height: normal;\">Bo\u011fularak hayat\u0131n\u0131 kaybeden 2 \u00e7ocu\u011fun cenazesi otopsi i\u00e7in Adana Adli T\u0131p Kurumu morguna kald\u0131r\u0131ld\u0131.<\/span><br style=\"color: rgb(0, 0, 0); font-family: Tahoma, Arial, 'Times New Roman TUR', Verdana; font-size: 15px; line-height: normal;\" \/><br \/>\n<span style=\"color: rgb(0, 0, 0); font-family: Tahoma, Arial, 'Times New Roman TUR', Verdana; font-size: 15px; line-height: normal;\">Emircan Durak ve \u0130dris Buruk&#8217;un cenazeleri, yar\u0131n K\u00fcst\u00fcl\u00fc Cevizlik\u00f6y Mezarl\u0131\u011f\u0131&#8217;nda defnedilecek.<\/span><\/p>\n","protected":false},"excerpt":{"rendered":"<p>Mersin&#8217;in Erdemli il\u00e7esinde serinlemek i\u00e7in denize giren 2 ki\u015fi, bo\u011fularak hayat\u0131n\u0131 kaybetti. Al\u0131nan bilgiye g\u00f6re, 15-16 ya\u015flar\u0131ndaki Emircan Durak ile \u0130dris Buruk, serinlemek i\u00e7in il\u00e7enin \u00c7aml\u0131k civar\u0131ndaki sahilinde denize girdi. &hellip; <a href=\"https:\/\/akdenizolaygazetesi.com\/?p=980\" class=\"more-link\">Devam\u0131n\u0131 Oku&#8230;<\/a><\/p>\n","protected":false},"author":1,"featured_media":0,"comment_status":"open","ping_status":"open","sticky":false,"template":"","format":"standard","meta":[],"categories":[],"tags":[],"_links":{"self":[{"href":"https:\/\/akdenizolaygazetesi.com\/index.php?rest_route=\/wp\/v2\/posts\/980"}],"collection":[{"href":"https:\/\/akdenizolaygazetesi.com\/index.php?rest_route=\/wp\/v2\/posts"}],"about":[{"href":"https:\/\/akdenizolaygazetesi.com\/index.php?rest_route=\/wp\/v2\/types\/post"}],"author":[{"embeddable":true,"href":"https:\/\/akdenizolaygazetesi.com\/index.php?rest_route=\/wp\/v2\/users\/1"}],"replies":[{"embeddable":true,"href":"https:\/\/akdenizolaygazetesi.com\/index.php?rest_route=%2Fwp%2Fv2%2Fcomments&post=980"}],"version-history":[{"count":0,"href":"https:\/\/akdenizolaygazetesi.com\/index.php?rest_route=\/wp\/v2\/posts\/980\/revisions"}],"wp:attachment":[{"href":"https:\/\/akdenizolaygazetesi.com\/index.php?rest_route=%2Fwp%2Fv2%2Fmedia&parent=980"}],"wp:term":[{"taxonomy":"category","embeddable":true,"href":"https:\/\/akdenizolaygazetesi.com\/index.php?rest_route=%2Fwp%2Fv2%2Fcategories&post=980"},{"taxonomy":"post_tag","embeddable":true,"href":"https:\/\/akdenizolaygazetesi.com\/index.php?rest_route=%2Fwp%2Fv2%2Ftags&post=980"}],"curies":[{"name":"wp","href":"https:\/\/api.w.org\/{rel}","templated":true}]}}