{"id":9802,"date":"2020-12-25T12:20:33","date_gmt":"2020-12-25T09:20:33","guid":{"rendered":"http:\/\/akdenizolaygazetesi.com\/?p=9802"},"modified":"2020-12-25T12:21:29","modified_gmt":"2020-12-25T09:21:29","slug":"mersinin-caddeleri-yilbasi-oncesi-isildamaya-basladi","status":"publish","type":"post","link":"https:\/\/akdenizolaygazetesi.com\/?p=9802","title":{"rendered":"MERS\u0130N\u2019\u0130N CADDELER\u0130 YILBA\u015eI \u00d6NCES\u0130 I\u015eILDAMAYA BA\u015eLADI"},"content":{"rendered":"<p>Mersin B\u00fcy\u00fck\u015fehir Belediyesi, 2021 y\u0131l\u0131na girmeye k\u0131sa s\u00fcre kala y\u0131lba\u015f\u0131 haz\u0131rl\u0131klar\u0131n\u0131 tamamlad\u0131. Park ve Bah\u00e7eler Dairesi Ba\u015fkanl\u0131\u011f\u0131 b\u00fcnyesindeki marangoz ve kaynak at\u00f6lyelerinde Noel Baba, \u00e7am a\u011fac\u0131, \u015feker, hediye kutusu ve \u0131\u015f\u0131kl\u0131 2021 yaz\u0131s\u0131 gibi y\u0131lba\u015f\u0131 konseptli \u00fcr\u00fcnler kentin i\u015flek caddelerindeki kav\u015faklara yerle\u015ftirildi. Mersinliler yeni y\u0131la girerken caddeler \u0131\u015f\u0131ldamaya ba\u015flad\u0131.<br \/>\nKav\u015faklarda y\u00fczler yeni y\u0131l i\u00e7in g\u00fcl\u00fcyor<br \/>\nMarangozhanede ustalar taraf\u0131ndan yap\u0131lan ah\u015fap profilleri ressamlar renklendirdi. Kaynak at\u00f6lyesinde ise haz\u0131rlan\u0131lan 2021 yaz\u0131s\u0131 gibi profiller \u0131\u015f\u0131klarla s\u00fcslendi. \u0130lk etapta Adnan Menderes Bulvar\u0131 \u00fczerindeki G\u00f6\u00e7men Kav\u015fa\u011f\u0131 ve \u0130smet \u0130n\u00f6n\u00fc Bulvar\u0131 \u00fczerindeki \u015eehit H\u00fcseyin \u00d6zdemir Kav\u015fa\u011f\u0131\u2019na yerle\u015ftirilen s\u00fcslemeler vatanda\u015flar taraf\u0131ndan be\u011feniyle kar\u015f\u0131land\u0131.<br \/>\nDemircanlar Kav\u015fa\u011f\u0131\u2019nda da y\u0131lba\u015f\u0131 i\u00e7in haz\u0131rlanan s\u00fcslemeleri yerle\u015ftiren ekipler, Tavusku\u015flu kav\u015fak, Mu\u011fdat kav\u015fa\u011f\u0131, Esirgeme kav\u015fa\u011f\u0131, Hastane Caddesi kav\u015fa\u011f\u0131, Bar\u0131\u015f Meydan\u0131, Cumhuriyet Alan\u0131 kav\u015fa\u011f\u0131 ile Mersin B\u00fcy\u00fck\u015fehir Belediyesi \u00f6n\u00fcne yerle\u015ftirilecek y\u0131lba\u015f\u0131 s\u00fcsleme \u00e7al\u0131\u015fmalar\u0131na devam ediyor.<\/p>\n","protected":false},"excerpt":{"rendered":"<p>Mersin B\u00fcy\u00fck\u015fehir Belediyesi, 2021 y\u0131l\u0131na girmeye k\u0131sa s\u00fcre kala y\u0131lba\u015f\u0131 haz\u0131rl\u0131klar\u0131n\u0131 tamamlad\u0131. Park ve Bah\u00e7eler Dairesi Ba\u015fkanl\u0131\u011f\u0131 b\u00fcnyesindeki marangoz ve kaynak at\u00f6lyelerinde Noel Baba, \u00e7am a\u011fac\u0131, \u015feker, hediye kutusu ve &hellip; <a href=\"https:\/\/akdenizolaygazetesi.com\/?p=9802\" class=\"more-link\">Devam\u0131n\u0131 Oku&#8230;<\/a><\/p>\n","protected":false},"author":2,"featured_media":9804,"comment_status":"open","ping_status":"open","sticky":false,"template":"","format":"standard","meta":[],"categories":[1,5],"tags":[],"_links":{"self":[{"href":"https:\/\/akdenizolaygazetesi.com\/index.php?rest_route=\/wp\/v2\/posts\/9802"}],"collection":[{"href":"https:\/\/akdenizolaygazetesi.com\/index.php?rest_route=\/wp\/v2\/posts"}],"about":[{"href":"https:\/\/akdenizolaygazetesi.com\/index.php?rest_route=\/wp\/v2\/types\/post"}],"author":[{"embeddable":true,"href":"https:\/\/akdenizolaygazetesi.com\/index.php?rest_route=\/wp\/v2\/users\/2"}],"replies":[{"embeddable":true,"href":"https:\/\/akdenizolaygazetesi.com\/index.php?rest_route=%2Fwp%2Fv2%2Fcomments&post=9802"}],"version-history":[{"count":1,"href":"https:\/\/akdenizolaygazetesi.com\/index.php?rest_route=\/wp\/v2\/posts\/9802\/revisions"}],"predecessor-version":[{"id":9803,"href":"https:\/\/akdenizolaygazetesi.com\/index.php?rest_route=\/wp\/v2\/posts\/9802\/revisions\/9803"}],"wp:featuredmedia":[{"embeddable":true,"href":"https:\/\/akdenizolaygazetesi.com\/index.php?rest_route=\/wp\/v2\/media\/9804"}],"wp:attachment":[{"href":"https:\/\/akdenizolaygazetesi.com\/index.php?rest_route=%2Fwp%2Fv2%2Fmedia&parent=9802"}],"wp:term":[{"taxonomy":"category","embeddable":true,"href":"https:\/\/akdenizolaygazetesi.com\/index.php?rest_route=%2Fwp%2Fv2%2Fcategories&post=9802"},{"taxonomy":"post_tag","embeddable":true,"href":"https:\/\/akdenizolaygazetesi.com\/index.php?rest_route=%2Fwp%2Fv2%2Ftags&post=9802"}],"curies":[{"name":"wp","href":"https:\/\/api.w.org\/{rel}","templated":true}]}}