{"id":981,"date":"2020-11-04T18:21:34","date_gmt":"2020-11-04T15:21:34","guid":{"rendered":"http:\/\/mersinekonomipolitikagazetesi.com\/?p=981"},"modified":"2020-11-04T18:21:34","modified_gmt":"2020-11-04T15:21:34","slug":"uluslararasi-festivale-en-kucuk-salon-verildi","status":"publish","type":"post","link":"https:\/\/akdenizolaygazetesi.com\/?p=981","title":{"rendered":"Uluslararas\u0131 festivale en k\u00fc\u00e7\u00fck salon verildi"},"content":{"rendered":"<p>Kongre ve Sergi Saray\u0131\u2019nda ger\u00e7ekle\u015fen 15. Uluslararas\u0131 Gezici Filmmor Kad\u0131n Filmleri Festivali\u2019nde k\u00fc\u00e7\u00fck salonun verilmesi nedeniyle izdiham ya\u015fand\u0131. Bir \u00e7ok ki\u015fi filmleri ayakta ve yerde oturarak izlerken, bir \u00e7ok sinemasever de kap\u0131dan d\u00f6nmek zorunda kald\u0131. Filmleri izleyemeyenler \u201cKoskoca Mersin\u2019de uluslararas\u0131 olan bir festivalde uygun salon bulunam\u0131yor ve en k\u00fc\u00e7\u00fck salon veriliyor. Bu Mersin i\u00e7in bir utan\u00e7\u201d diyerek tepki g\u00f6sterdiler.<\/p>\n<p class=\"x_MsoNormal\" style=\"margin-top: 0px; margin-bottom: 0px; color: rgb(0, 0, 0); font-family: Calibri, Arial, Helvetica, sans-serif; font-size: 16px; line-height: normal;\"><span style=\"font-size: 10pt; font-family: Calibri;\">Ahmet Yi\u011fit- 15. Uluslararas\u0131 Gezici Filmmor Kad\u0131n Filmleri Festivali, 6 \u015fehir gezdikten sonra kapan\u0131\u015f\u0131 yapmak i\u00e7in Mersin\u2019e geldi. Kongre ve Sergi Saray\u0131\u2019nda ger\u00e7ekle\u015fen festivalin ilk g\u00fcn\u00fcnde k\u00fc\u00e7\u00fck salona s\u0131\u011famayan sinemaseverler ya\u015fanan durumdan \u015fikayet\u00e7i oldular. Uzun zamand\u0131r bu festivali beklediklerini s\u00f6yleyen Mersinli kad\u0131nlar, uluslararas\u0131 d\u00fczeyde olan bir festivale uygun salon ayarlamad\u0131klar\u0131 i\u00e7in yerel y\u00f6netimlere tepki g\u00f6sterdi. \u0130zleyicilerin bir k\u0131sm\u0131 ayakta, kenarda filmleri <a href=\"http:\/\/www.kocaelireklammerkezi.com\/\" title=\"kocaeli escort\">kocaeli escort<\/a> izlerken bir k\u0131sm\u0131 da yerde ve sahne rampas\u0131nda uzun saatler oturarak filmleri izlemek zorunda kald\u0131. Bir \u00e7ok ki\u015fi kap\u0131dan d\u00f6nmek zorunda kal\u0131rken festivali organize edenler \u00e7areyi \u201cBir film izleyen bir sonraki filme girmeyerek, salonda yer bulamayan arkada\u015flara da film izleme imkan\u0131 verilsin\u201d \u00e7a\u011fr\u0131s\u0131 yapmakta buldu.<\/span><\/p>\n<p class=\"x_MsoNormal\" style=\"margin-top: 0px; margin-bottom: 0px; color: rgb(0, 0, 0); font-family: Calibri, Arial, Helvetica, sans-serif; font-size: 16px; line-height: normal;\"><span style=\"font-size: 10pt; font-family: Calibri;\">\u00a0<\/span><\/p>\n<p class=\"x_MsoNormal\" style=\"margin-top: 0px; margin-bottom: 0px; color: rgb(0, 0, 0); font-family: Calibri, Arial, Helvetica, sans-serif; font-size: 16px; line-height: normal;\"><b><span style=\"font-size: 10pt; font-family: Calibri;\">HER SENE AYNI SORUN, DE\u011e\u0130\u015eEN B\u0130R \u015eEY YOK<\/span><\/b><\/p>\n<p class=\"x_MsoNormal\" style=\"margin-top: 0px; margin-bottom: 0px; color: rgb(0, 0, 0); font-family: Calibri, Arial, Helvetica, sans-serif; font-size: 16px; line-height: normal;\"><span style=\"font-size: 10pt; font-family: Calibri;\">\u00a0<\/span><\/p>\n<p class=\"x_MsoNormal\" style=\"margin-top: 0px; margin-bottom: 0px; color: rgb(0, 0, 0); font-family: Calibri, Arial, Helvetica, sans-serif; font-size: 16px; line-height: normal;\"><span style=\"font-size: 10pt; font-family: Calibri;\">Ge\u00e7en sene de ger\u00e7ekle\u015fen festivalde ayn\u0131 s\u0131k\u0131nt\u0131lar\u0131n ya\u015fand\u0131\u011f\u0131n\u0131 vurgulayan izleyiciler, yerel y\u00f6netimleri bu sorunu umursamamakla su\u00e7lad\u0131. Salona giremeyen sinemasever bir ki\u015fi, \u201cGe\u00e7en sene de ayn\u0131 yerde ayn\u0131 sorunu ya\u015fam\u0131\u015ft\u0131k. Bir sonraki sene bir \u015feyler de\u011fi\u015fir diye umuyorduk ama g\u00f6rd\u00fc\u011f\u00fcm\u00fcz kadar\u0131yla hi\u00e7 bir \u015fey de\u011fi\u015fmemi\u015f. Bu da yerel y\u00f6netimlerin kad\u0131na bak\u0131\u015f a\u00e7\u0131s\u0131n\u0131 \u00e7ok g\u00fczel \u00f6zetliyor asl\u0131nda. Mersin\u2019de o kadar \u00e7ok salon ve yer varken neden her seferinde ayn\u0131 k\u00fc\u00e7\u00fck yer veriliyor? Bu bizim \u015fehrimiz i\u00e7in bir utan\u00e7 asl\u0131nda \u00e7\u00fcnk\u00fc \u015fehir d\u0131\u015f\u0131ndan gelen <a href=\"http:\/\/www.kocaelireklammerkezi.com\/\" title=\"izmit escort\">izmit escort<\/a> bir film ekibi var, \u00e7evre \u015fehirlerden gelen izleyiciler var. Onlara kar\u015f\u0131 da mahcup oluyoruz. Bu sorunun daha fazla g\u00f6z ard\u0131 edilmesini istemiyoruz art\u0131k. Daha b\u00fcy\u00fck salonlarda, kimsenin kap\u0131dan d\u00f6nmesine gerek kalmadan t\u00fcm kad\u0131nlar birlikte bizim i\u00e7in \u00e7ekilmi\u015f filmleri izlemek istiyoruz beraber.\u201d dedi.<\/span><\/p>\n<p class=\"x_MsoNormal\" style=\"margin-top: 0px; margin-bottom: 0px; color: rgb(0, 0, 0); font-family: Calibri, Arial, Helvetica, sans-serif; font-size: 16px; line-height: normal;\"><span style=\"font-size: 10pt; font-family: Calibri;\">\u00a0<\/span><\/p>\n<p class=\"x_MsoNormal\" style=\"margin-top: 0px; margin-bottom: 0px; color: rgb(0, 0, 0); font-family: Calibri, Arial, Helvetica, sans-serif; font-size: 16px; line-height: normal;\"><span style=\"font-size: 10pt; font-family: Calibri;\">Filmmor Kad\u0131n Kooperatifi kurucusu Melek \u00d6zman ise kap\u0131dan d\u00f6nenler i\u00e7in \u00e7ok \u00fczg\u00fcn olduklar\u0131n\u0131 dile getirerek, \u201cBir \u00f6nceki sene de Mersin\u2019de yine ayn\u0131 yerde, ayn\u0131 salona s\u0131\u011famam\u0131\u015ft\u0131k. Ge\u00e7en sene Mersin Kad\u0131n Platformu ve festivali organize eden arkada\u015flar hep d\u0131\u015far\u0131da kalm\u0131\u015ft\u0131. \u00c7\u00fcnk\u00fc ev sahibi haliyle yer kalmad\u0131\u011f\u0131 i\u00e7in onlar hi\u00e7bir filmi izleyememi\u015flerdi. Bu senenin ilk g\u00fcn\u00fcnde de ayn\u0131 durum ya\u015fand\u0131. Filmmor y\u0131lda bir kere geliyor, ke\u015fke \u015fartlar bu durumda olmasa. Bir yandan festivalciler salonda oturacak yer kalmamas\u0131na sevinir\u00a0 ama biz sevinemiyoruz tabi ki \u00e7\u00fcnk\u00fc ger\u00e7ekten bu filmleri kad\u0131nlar g\u00f6rs\u00fcn istiyoruz. \u00d6rne\u011fin bir film Tunus\u2019tan biri Rusya\u2019dan Mersin\u2019e gelmi\u015f ve kad\u0131nlar bu filmleri izleyemiyor. \u00c7ok \u00fcz\u00fcl\u00fcyorum ama son zamanlarda alanlar\u0131m\u0131z \u00e7ok daralt\u0131ld\u0131. Bo\u015f bulabildi\u011fimiz salon buydu. Gidenler i\u00e7in \u00e7ok \u00fcz\u00fcl\u00fcyoruz ama iki t\u00fcrl\u00fc de geldiklerini d\u00fc\u015f\u00fcn\u00fcyorum. O filmleri ger\u00e7ekten g\u00f6rmelerini, kad\u0131n filmleri festivalinde beraber o havay\u0131 solumak istiyoruz. \u00d6zellikle \u015fu d\u00f6nemlerde bir araya gelmek, bulu\u015fmak \u00e7ok \u00f6nemli o nedenle geri d\u00f6nenler i\u00e7in \u00e7ok \u00fczg\u00fcn\u00fcm. Zaten ayakta ve yerlerde oturuyor insanlar.\u201d ifadelerini kulland\u0131.<\/span><\/p>\n<p class=\"x_MsoNormal\" style=\"margin-top: 0px; margin-bottom: 0px; color: rgb(0, 0, 0); font-family: Calibri, Arial, Helvetica, sans-serif; font-size: 16px; line-height: normal;\"><b><span style=\"font-size: 10pt; font-family: Calibri;\">\u00a0<\/span><\/b><\/p>\n<p class=\"x_MsoNormal\" style=\"margin-top: 0px; margin-bottom: 0px; color: rgb(0, 0, 0); font-family: Calibri, Arial, Helvetica, sans-serif; font-size: 16px; line-height: normal;\"><b><span style=\"font-size: 10pt; font-family: Calibri;\">\u201cKADINLARIN KADINLARLA BULU\u015eMAK \u0130STED\u0130\u011e\u0130 B\u0130R FEST\u0130VAL\u201d<\/span><\/b><\/p>\n<p class=\"x_MsoNormal\" style=\"margin-top: 0px; margin-bottom: 0px; color: rgb(0, 0, 0); font-family: Calibri, Arial, Helvetica, sans-serif; font-size: 16px; line-height: normal;\"><span style=\"font-size: 10pt; font-family: Calibri;\">\u00a0<\/span><\/p>\n<p class=\"x_MsoNormal\" style=\"margin-top: 0px; margin-bottom: 0px; color: rgb(0, 0, 0); font-family: Calibri, Arial, Helvetica, sans-serif; font-size: 16px; line-height: normal;\"><span style=\"font-size: 10pt; font-family: Calibri;\">Melek \u00d6zman, kad\u0131nlar\u0131n kad\u0131nlarla bir araya gelerek filmleri izlemek istedi\u011fine de\u011finip, festivalin de ancak kad\u0131nlar\u0131n bir araya gelmesiyle anlam bulaca\u011f\u0131n\u0131 vurgulad\u0131. \u00d6zman, \u201cFilmi 5 ay sonra internetten bulabilirler ama biz kad\u0131nlar, kad\u0131nlarla bir araya gelip bir salonda o havay\u0131 soluyarak filmleri izlemek istiyoruz. \u00c7\u00fcnk\u00fc zaten kad\u0131nlar genel olarak yal\u0131t\u0131lm\u0131\u015ft\u0131r. En k\u00f6t\u00fc ko\u015fullarda bile erkeklerin kamusal alanlar\u0131 vard\u0131r. Camide bulu\u015furlar, kahvede bulu\u015fular veya belli alanlarda bulu\u015fabilirler. Biz kad\u0131nlar, hele de ko\u015fullar b\u00f6yle ola\u011fan\u00fcst\u00fc olunca daha yal\u0131t\u0131lm\u0131\u015f oluyoruz birbirimizden. Daha \u00e7ok evlere \u00e7ekiliyor kad\u0131nlar. Ki uzun zamand\u0131r istenen de kad\u0131nlar\u0131n evlere \u00e7ekilmesidir. Kad\u0131n m\u00fccadelesini verenler i\u00e7in de alanlar \u00e7ok daralt\u0131ld\u0131. Bizim kurumlar\u0131m\u0131z kapat\u0131l\u0131yor, biz o kurumlar\u0131 yeniden ya\u015fatmaya \u00e7al\u0131\u015f\u0131yoruz. Ben biliyorum ki t\u00fcm kad\u0131nlar buraya bir dayan\u0131\u015fma i\u00e7erisinde olmak, birbirini bulmak i\u00e7in buraya gelip filmleri beraber izlemek istiyorlar. Bu nedenle ayr\u0131ca \u00fcz\u00fcl\u00fcyorum ama bir taraftan da teknik bir durum bu. Daha geni\u015f salonlar\u0131m\u0131z olur. Yeter ki bizde bu dayan\u0131\u015fma, bulu\u015fma arzusu olsun.\u201d diye konu\u015ftu.<\/span><\/p>\n<div>\u00a0<\/div>\n","protected":false},"excerpt":{"rendered":"<p>Kongre ve Sergi Saray\u0131\u2019nda ger\u00e7ekle\u015fen 15. Uluslararas\u0131 Gezici Filmmor Kad\u0131n Filmleri Festivali\u2019nde k\u00fc\u00e7\u00fck salonun verilmesi nedeniyle izdiham ya\u015fand\u0131. Bir \u00e7ok ki\u015fi filmleri ayakta ve yerde oturarak izlerken, bir \u00e7ok sinemasever &hellip; <a href=\"https:\/\/akdenizolaygazetesi.com\/?p=981\" class=\"more-link\">Devam\u0131n\u0131 Oku&#8230;<\/a><\/p>\n","protected":false},"author":1,"featured_media":0,"comment_status":"open","ping_status":"open","sticky":false,"template":"","format":"standard","meta":[],"categories":[],"tags":[],"_links":{"self":[{"href":"https:\/\/akdenizolaygazetesi.com\/index.php?rest_route=\/wp\/v2\/posts\/981"}],"collection":[{"href":"https:\/\/akdenizolaygazetesi.com\/index.php?rest_route=\/wp\/v2\/posts"}],"about":[{"href":"https:\/\/akdenizolaygazetesi.com\/index.php?rest_route=\/wp\/v2\/types\/post"}],"author":[{"embeddable":true,"href":"https:\/\/akdenizolaygazetesi.com\/index.php?rest_route=\/wp\/v2\/users\/1"}],"replies":[{"embeddable":true,"href":"https:\/\/akdenizolaygazetesi.com\/index.php?rest_route=%2Fwp%2Fv2%2Fcomments&post=981"}],"version-history":[{"count":0,"href":"https:\/\/akdenizolaygazetesi.com\/index.php?rest_route=\/wp\/v2\/posts\/981\/revisions"}],"wp:attachment":[{"href":"https:\/\/akdenizolaygazetesi.com\/index.php?rest_route=%2Fwp%2Fv2%2Fmedia&parent=981"}],"wp:term":[{"taxonomy":"category","embeddable":true,"href":"https:\/\/akdenizolaygazetesi.com\/index.php?rest_route=%2Fwp%2Fv2%2Fcategories&post=981"},{"taxonomy":"post_tag","embeddable":true,"href":"https:\/\/akdenizolaygazetesi.com\/index.php?rest_route=%2Fwp%2Fv2%2Ftags&post=981"}],"curies":[{"name":"wp","href":"https:\/\/api.w.org\/{rel}","templated":true}]}}