{"id":9815,"date":"2020-12-26T18:22:13","date_gmt":"2020-12-26T15:22:13","guid":{"rendered":"http:\/\/akdenizolaygazetesi.com\/?p=9815"},"modified":"2020-12-26T18:23:29","modified_gmt":"2020-12-26T15:23:29","slug":"yilmaz-ihtiyac-sahiplerine-yardim-eli-uzatmaya-devam-ediyor","status":"publish","type":"post","link":"https:\/\/akdenizolaygazetesi.com\/?p=9815","title":{"rendered":"Y\u0131lmaz, ihtiya\u00e7 sahiplerine yard\u0131m eli uzatmaya devam ediyor"},"content":{"rendered":"<p>Belediyecilik yat\u0131r\u0131mlar\u0131n\u0131n yan\u0131 s\u0131ra \u2018\u0130nsan odakl\u0131 hizmet\u2019 anlay\u0131\u015f\u0131yla takdir toplayan Toroslar Belediye Ba\u015fkan\u0131 Ats\u0131z Af\u015f\u0131n Y\u0131lmaz, ihtiya\u00e7 sahiplerine yard\u0131m eli uzatmaya devam ediyor.<\/p>\n<p>Ba\u015fkan Y\u0131lmaz, De\u011firmendere Mahallesi&#8217;nde ya\u015fayan I\u015f\u0131k ailesini sevindirdi. Bir romatizma t\u00fcr\u00fc olan &#8216;Ankilozan Spondilit&#8217; hastal\u0131\u011f\u0131na yakalanan ve Omurga hareket k\u0131s\u0131tl\u0131l\u0131\u011f\u0131 nedeniyle g\u00fcndelik ya\u015fam\u0131nda zorluk \u00e7eken Ramazan I\u015f\u0131k&#8217;\u0131n (44), iki k\u0131z\u0131 ve e\u015fiyle hayat\u0131n\u0131 idame ettirdi\u011fi evinin mutfa\u011f\u0131, belediye taraf\u0131ndan yenilendi.<\/p>\n<p>Ba\u015fkan Y\u0131lmaz&#8217;\u0131n talimat\u0131yla De\u011firmendere Mahallesi&#8217;nde aileyi ziyaret ederek, ihtiya\u00e7lar\u0131n\u0131 tespit eden belediye ekipleri, kullan\u0131lmaz haldeki mutfak dolaplar\u0131n\u0131n yerine belediyenin at\u00f6lyelerinde imal edilen yeni dolaplar\u0131 takarak, aileye teslim etti.<\/p>\n<p>2,5 y\u0131l \u00f6nce bir k\u0131zlar\u0131n\u0131 kaybeden I\u015f\u0131k ailesi, Toroslar Belediye Ba\u015fkan\u0131 Ats\u0131z Af\u015f\u0131n Y\u0131lmaz&#8217;a yanlar\u0131ndan olmas\u0131ndan ve bu deste\u011finden dolay\u0131 te\u015fekk\u00fcr etti.<\/p>\n<p>Hastal\u0131\u011f\u0131 nedeniyle \u00e7al\u0131\u015famad\u0131\u011f\u0131n\u0131 belirten Ramazan I\u015f\u0131k; &#8220;Ankilozan Spondilit&#8217; hastas\u0131y\u0131m. Mutfa\u011f\u0131m\u0131z kullan\u0131lmaz haldeydi. Ba\u015fkan\u0131m\u0131z bize ula\u015farak yard\u0131m eli uzatt\u0131. Belediyemiz evimizin mutfa\u011f\u0131n\u0131 yeniledi. Ba\u015fkan\u0131m\u0131zdan Allah raz\u0131 olsun. Kendisine ba\u015far\u0131lar diliyorum&#8221; dedi.<\/p>\n<p>Ramazan I\u015f\u0131k&#8217;\u0131n e\u015fi Fatma I\u015f\u0131k da, mutfa\u011f\u0131n\u0131n eskiden \u00e7ok k\u00f6t\u00fc bir durumda oldu\u011funu ve sa\u011fl\u0131kl\u0131 \u015fartlarda yemek yapamad\u0131\u011f\u0131n\u0131 ifade ederek; &#8220;Mutfa\u011f\u0131m \u00e7ok g\u00fczel oldu. Ba\u015fkan\u0131m\u0131z Ats\u0131z Af\u015f\u0131n Y\u0131lmaz&#8217;a bu deste\u011finden dolay\u0131 te\u015fekk\u00fcr ediyorum. Allah yolunu, baht\u0131n\u0131 a\u00e7\u0131k etsin&#8221; diye konu\u015ftu.<\/p>\n<p>\u201cB\u0130Z B\u0130RL\u0130KTE B\u00dcY\u00dcK B\u0130R A\u0130LEY\u0130Z\u201d<\/p>\n<p>\u0130l\u00e7ede ihtiya\u00e7 sahibi vatanda\u015flar\u0131n hayat\u0131n\u0131 kolayla\u015ft\u0131ran \u00e7al\u0131\u015fmalar\u0131n yan\u0131 s\u0131ra g\u00f6n\u00fcllere de dokunan hizmetler yapan Ba\u015fkan Y\u0131lmaz, I\u015f\u0131k ailesine bir nebze olsa da destek olabilmenin mutlulu\u011funu ya\u015fad\u0131klar\u0131n\u0131 s\u00f6yledi.<\/p>\n<p>Ba\u015fkan Y\u0131lmaz; &#8220;Koronavir\u00fcs salg\u0131n\u0131 nedeniyle \u00fclke olarak zor bir d\u00f6nemden ge\u00e7iyoruz. \u0130htiya\u00e7 sahibi ailelerimize dokunabilmek \u00e7ok \u00f6nemli. Yapt\u0131\u011f\u0131m\u0131z bu yard\u0131m ile I\u015f\u0131k ailemizin de y\u00fcz\u00fcn\u00fc g\u00fcld\u00fcrebildiysek ne mutlu bize. Yeni mutfaklar\u0131 hay\u0131rl\u0131 u\u011furlu olsun. Biz birlikte b\u00fcy\u00fck bir aileyiz. Allah birlik ve beraberli\u011fimizi daim etsin&#8221; \u015feklinde konu\u015ftu.<\/p>\n","protected":false},"excerpt":{"rendered":"<p>Belediyecilik yat\u0131r\u0131mlar\u0131n\u0131n yan\u0131 s\u0131ra \u2018\u0130nsan odakl\u0131 hizmet\u2019 anlay\u0131\u015f\u0131yla takdir toplayan Toroslar Belediye Ba\u015fkan\u0131 Ats\u0131z Af\u015f\u0131n Y\u0131lmaz, ihtiya\u00e7 sahiplerine yard\u0131m eli uzatmaya devam ediyor. Ba\u015fkan Y\u0131lmaz, De\u011firmendere Mahallesi&#8217;nde ya\u015fayan I\u015f\u0131k ailesini &hellip; <a href=\"https:\/\/akdenizolaygazetesi.com\/?p=9815\" class=\"more-link\">Devam\u0131n\u0131 Oku&#8230;<\/a><\/p>\n","protected":false},"author":2,"featured_media":9818,"comment_status":"open","ping_status":"open","sticky":false,"template":"","format":"standard","meta":[],"categories":[1,2,3,5],"tags":[],"_links":{"self":[{"href":"https:\/\/akdenizolaygazetesi.com\/index.php?rest_route=\/wp\/v2\/posts\/9815"}],"collection":[{"href":"https:\/\/akdenizolaygazetesi.com\/index.php?rest_route=\/wp\/v2\/posts"}],"about":[{"href":"https:\/\/akdenizolaygazetesi.com\/index.php?rest_route=\/wp\/v2\/types\/post"}],"author":[{"embeddable":true,"href":"https:\/\/akdenizolaygazetesi.com\/index.php?rest_route=\/wp\/v2\/users\/2"}],"replies":[{"embeddable":true,"href":"https:\/\/akdenizolaygazetesi.com\/index.php?rest_route=%2Fwp%2Fv2%2Fcomments&post=9815"}],"version-history":[{"count":2,"href":"https:\/\/akdenizolaygazetesi.com\/index.php?rest_route=\/wp\/v2\/posts\/9815\/revisions"}],"predecessor-version":[{"id":9819,"href":"https:\/\/akdenizolaygazetesi.com\/index.php?rest_route=\/wp\/v2\/posts\/9815\/revisions\/9819"}],"wp:featuredmedia":[{"embeddable":true,"href":"https:\/\/akdenizolaygazetesi.com\/index.php?rest_route=\/wp\/v2\/media\/9818"}],"wp:attachment":[{"href":"https:\/\/akdenizolaygazetesi.com\/index.php?rest_route=%2Fwp%2Fv2%2Fmedia&parent=9815"}],"wp:term":[{"taxonomy":"category","embeddable":true,"href":"https:\/\/akdenizolaygazetesi.com\/index.php?rest_route=%2Fwp%2Fv2%2Fcategories&post=9815"},{"taxonomy":"post_tag","embeddable":true,"href":"https:\/\/akdenizolaygazetesi.com\/index.php?rest_route=%2Fwp%2Fv2%2Ftags&post=9815"}],"curies":[{"name":"wp","href":"https:\/\/api.w.org\/{rel}","templated":true}]}}