{"id":9824,"date":"2020-12-27T11:35:51","date_gmt":"2020-12-27T08:35:51","guid":{"rendered":"http:\/\/akdenizolaygazetesi.com\/?p=9824"},"modified":"2020-12-27T11:36:28","modified_gmt":"2020-12-27T08:36:28","slug":"buyuksehir-pandemi-doneminde-okul-sutlerini-miniklerin-evine-ulastiriyor","status":"publish","type":"post","link":"https:\/\/akdenizolaygazetesi.com\/?p=9824","title":{"rendered":"B\u00dcY\u00dcK\u015eEH\u0130R, PANDEM\u0130 D\u00d6NEM\u0130NDE OKUL S\u00dcTLER\u0130N\u0130 M\u0130N\u0130KLER\u0130N EV\u0130NE ULA\u015eTIRIYOR"},"content":{"rendered":"<p>Mersin B\u00fcy\u00fck\u015fehir Belediyesi\u2019nin \u201cS\u00fct Senin Gurur Mersin\u2019in\u201d ad\u0131n\u0131 ta\u015f\u0131yan Okul S\u00fct\u00fc Projesi, pandemi s\u00fcrecinde okula gidemeyen \u00e7ocuklar\u0131n evlerine ula\u015ft\u0131r\u0131l\u0131yor. B\u00fcy\u00fck\u015fehir Belediye Ba\u015fkan\u0131 Vahap Se\u00e7er\u2019in g\u00f6reve gelmeden \u00f6nce vaat etti\u011fi projeler aras\u0131nda yer alan ve ge\u00e7ti\u011fimiz y\u0131l \u201cS\u00fct Senin Gurur Mersin\u2019in\u201d slogan\u0131yla ba\u015flat\u0131lan proje, ikinci y\u0131l\u0131nda da da\u011f\u0131t\u0131m a\u011f\u0131 geni\u015fleyerek devam ediyor.<br \/>\nBu y\u0131l 1,5 milyon s\u00fct paketi \u00f6\u011frencilere ula\u015ft\u0131r\u0131lacak<br \/>\nB\u00fcy\u00fck\u015fehir Belediyesi Tar\u0131msal ve Veteriner Hizmetleri Dairesi ile Sosyal Hizmetler Dairesi \u00f6nc\u00fcl\u00fc\u011f\u00fcnde y\u00fcr\u00fct\u00fclen, da\u011f\u0131t\u0131m\u0131 Sosyal Hizmetler Dairesi ve Muhtarl\u0131k \u0130\u015fleri Dairesi taraf\u0131ndan yap\u0131lan projede, dezavantajl\u0131 b\u00f6lgelerdeki \u00f6\u011frencilere s\u00fct al\u0131\u015fkanl\u0131\u011f\u0131 kazand\u0131r\u0131lmas\u0131 ve geli\u015fimlerinin desteklenmesi ama\u00e7lan\u0131yor. Proje kapsam\u0131nda daha \u00e7ok \u00f6\u011frenciye s\u00fct ula\u015ft\u0131rmak \u00fczere harekete ge\u00e7en ekipler, 13 il\u00e7enin tamam\u0131nda e\u015f zamanl\u0131 olarak da\u011f\u0131t\u0131mlara ba\u015flad\u0131. B\u00fcy\u00fck\u015fehir ekipleri, tek tek evlerin kap\u0131s\u0131n\u0131 \u00e7alarak, \u00e7ocuklar\u0131 s\u00fctle bulu\u015fturuyor. Ge\u00e7en y\u0131l proje kapsam\u0131nda 1,2 milyon paket s\u00fct\u00fc \u00e7ocuklara ula\u015ft\u0131ran B\u00fcy\u00fck\u015fehir, bu y\u0131l da\u011f\u0131t\u0131m kapsam\u0131nda 1,5 milyon paket s\u00fct\u00fc evlerindeki \u00f6\u011frencilere ula\u015ft\u0131racak.<br \/>\n\u00c7ocuk ba\u015f\u0131na haftada 7 paket s\u00fct da\u011f\u0131t\u0131m\u0131 yap\u0131l\u0131yor<br \/>\nB\u00fcy\u00fck\u015fehir Belediyesi A\u015fhanesi\u2019nde G\u0131da M\u00fchendisi olarak g\u00f6rev yapan Bilge K\u00fc\u00e7\u00fckkuba\u015f, projenin bu y\u0131lki da\u011f\u0131t\u0131m stratejisini anlatarak, \u201cB\u00fcy\u00fck\u015fehir Belediye Ba\u015fkan\u0131m\u0131z Say\u0131n Vahap Se\u00e7er\u2019in S\u00fct Senin Gurur Mersin\u2019in Projesi kapsam\u0131nda ge\u00e7en y\u0131l ba\u015flat\u0131lm\u0131\u015f olan okullarda s\u00fct da\u011f\u0131t\u0131m projesi maalesef pandemi dolay\u0131s\u0131yla evlere da\u011f\u0131t\u0131lmaya ba\u015flanm\u0131\u015ft\u0131. Bu y\u0131l da pandemi dolay\u0131s\u0131yla evlerde s\u00fct da\u011f\u0131t\u0131m\u0131na ba\u015flam\u0131\u015f bulunmaktay\u0131z. \u00d6zellikle dezavantajl\u0131 b\u00f6lgelerde evlere ula\u015ft\u0131r\u0131larak \u00e7ocuklar\u0131m\u0131z\u0131n g\u00fcnde 1 bardak s\u00fct i\u00e7mesi sa\u011flanmaktad\u0131r. \u00c7ocuk ba\u015f\u0131na haftada 7 paket s\u00fct da\u011f\u0131t\u0131m\u0131 yapmaktay\u0131z\u201d ifadelerini kulland\u0131.<br \/>\n\u201cBa\u015fkan Se\u00e7er, s\u00f6z\u00fcn\u00fcn arkas\u0131nda duruyor\u201d<br \/>\nKaraduvar Mahalle Muhtar\u0131 Fikret Altan, pandemi nedeniyle evde kalan \u00e7ocuklara s\u00fct\u00fc ula\u015ft\u0131r\u0131lmas\u0131n\u0131n \u00f6nemli bir proje oldu\u011funu belirterek, \u015funlar\u0131 s\u00f6yledi:<br \/>\n\u201cMersin B\u00fcy\u00fck\u015fehir Belediyesi\u2019ne daha \u00f6nce de yapt\u0131\u011f\u0131 s\u00fct da\u011f\u0131t\u0131m\u0131ndan dolay\u0131 hem kutluyoruz hem de te\u015fekk\u00fcr ediyoruz. \u00d6zellikle \u00e7ocuklar\u0131m\u0131z\u0131n bu anlam\u0131yla s\u00fctle bar\u0131\u015f\u0131k bir duruma gelmesinin biraz da sebepleri onlar. Faydal\u0131 bir i\u015f. Kendilerine te\u015fekk\u00fcr ediyoruz ve ba\u015far\u0131lar\u0131n\u0131n devam\u0131n\u0131 diliyoruz. \u015eimdi okullar a\u00e7\u0131kken bu projenin devaml\u0131l\u0131\u011f\u0131 vard\u0131. \u00c7ok da iyi oldu asl\u0131nda evdeki ve sokaktaki \u00e7ocuklar\u0131n s\u00fctle bulu\u015fmas\u0131 \u00f6nemli bir proje. Bence de devaml\u0131l\u0131\u011f\u0131 s\u00fcrd\u00fcr\u00fclebilirse daha da \u00f6nemli hale gelecek. Ben Akdeniz il\u00e7esinin komple dezavantajl\u0131 bir b\u00f6lge oldu\u011funu devaml\u0131 s\u00f6yl\u00fcyorum. B\u00fcy\u00fck\u015fehir Belediye Ba\u015fkan\u0131m\u0131z aday iken de \u2018dezavantajl\u0131 b\u00f6lgelere \u00f6ncelik tan\u0131yaca\u011f\u0131z\u201d diyordu. Bu konuda s\u00f6yledi\u011finin arkas\u0131nda duruyor. \u00d6zellikle yoksullu\u011fun ve yoklu\u011fun en \u00f6nemli il\u00e7esidir Akdeniz. Bu konuda da hem B\u00fcy\u00fck\u015fehir Belediye Ba\u015fkan\u0131m\u0131z\u2019\u0131n hem de devlet kurumlar\u0131n\u0131n daha ince, daha anlay\u0131\u015fl\u0131 ve daha yakla\u015f\u0131mc\u0131 davranmalar\u0131 gerekir.\u201d<br \/>\nEkipler s\u00fctleri kap\u0131 kap\u0131 da\u011f\u0131t\u0131yor<br \/>\nKaraduvar Mahallesi\u2019nde ikamet eden Leyla Kara, \u201c4 tane torunum var. Allah raz\u0131 olsun Vahap Se\u00e7er\u2019den. Te\u015fekk\u00fcr ediyoruz\u201d dedi. \u00c7i\u011fdem Ye\u015filova ise, \u201cMersin B\u00fcy\u00fck\u015fehir Belediye Ba\u015fkan\u0131m\u0131z Vahap Se\u00e7er sa\u011f olsun okullar\u0131m\u0131za s\u00fct\u00fc veriyordu. \u015eu anda okullar kapal\u0131 oldu\u011fu i\u00e7in evlerimize kadar g\u00f6nderiyor. Ba\u015fkan Se\u00e7er\u2019e te\u015fekk\u00fcr ediyoruz\u201d diye konu\u015ftu.<br \/>\nZarife A\u011f\u0131rl\u0131k: \u201cBu \u00e7ok b\u00fcy\u00fck bir sevgi\u201d<br \/>\nErdemli \u0130l\u00e7esi Karg\u0131p\u0131nar\u0131 Mahallesi\u2019nden Zarife A\u011f\u0131rl\u0131k, \u201cBu proje \u00e7ok g\u00fczel bir \u015fey. Yani \u00e7ocuklar\u0131 sevindirmesi falan \u00e7ok g\u00fczel. 2 s\u00fct mesela ama \u00e7ok b\u00fcy\u00fck bir sevgi. Ba\u015fkan\u0131m\u0131z\u2019a \u00e7ok te\u015fekk\u00fcr ederiz. Selam s\u00f6yleyin\u201d dedi. Sinan \u015eamil A\u011f\u0131rl\u0131k ise \u201c\u00c7ok iyi bir \u015fey\u201d diye konu\u015ftu.<br \/>\nYine Erdemli \u0130l\u00e7esi Karg\u0131p\u0131nar\u0131 Mahallesi\u2019nde ya\u015fayan miniklerden Mustafa Gezer ile Mustafa Eren de B\u00fcy\u00fck\u015fehir Belediyesi\u2019nin s\u00fct projesi hakk\u0131nda, \u201c\u0130yi oldu bence. B\u00fct\u00fcn \u00e7ocuklara da\u011f\u0131t\u0131lmal\u0131\u201d dedi. Minikler, Ba\u015fkan Se\u00e7er\u2019e kendilerine s\u00fct g\u00f6nderdi\u011fi i\u00e7in te\u015fekk\u00fcrlerini iletti.<br \/>\n\u201cB\u00fct\u00fcn \u00e7ocuklar\u0131m\u0131za ula\u015ft\u0131raca\u011f\u0131z\u201d<br \/>\nG\u00fclnar \u0130l\u00e7esi Akdeniz Mahallesi Muhtar\u0131 Cavit K\u0131r\u0131t, s\u00fct da\u011f\u0131t\u0131m\u0131 ile ilgili olarak, \u201cB\u00fcy\u00fck\u015fehir Belediye Ba\u015fkan\u0131m\u0131z Vahap Se\u00e7er\u2019e s\u00fct kampanyas\u0131n\u0131 ba\u015flatt\u0131\u011f\u0131 i\u00e7in te\u015fekk\u00fcr ediyoruz.  Allah raz\u0131 olsun. B\u00fct\u00fcn \u00e7ocuklar\u0131m\u0131za ula\u015ft\u0131raca\u011f\u0131z\u201d dedi.<br \/>\nAyd\u0131nc\u0131k \u0130l\u00e7esi H\u00fcrriyet Mahallesi Muhtar\u0131 Mehmet Ali Ay ise \u00e7ocuklara g\u00f6nderilen s\u00fctler i\u00e7in Ba\u015fkan Se\u00e7er\u2019e te\u015fekk\u00fcr ederek, \u201cAllah devam\u0131n\u0131 erdirsin\u201d ifadelerini kulland\u0131.<\/p>\n","protected":false},"excerpt":{"rendered":"<p>Mersin B\u00fcy\u00fck\u015fehir Belediyesi\u2019nin \u201cS\u00fct Senin Gurur Mersin\u2019in\u201d ad\u0131n\u0131 ta\u015f\u0131yan Okul S\u00fct\u00fc Projesi, pandemi s\u00fcrecinde okula gidemeyen \u00e7ocuklar\u0131n evlerine ula\u015ft\u0131r\u0131l\u0131yor. B\u00fcy\u00fck\u015fehir Belediye Ba\u015fkan\u0131 Vahap Se\u00e7er\u2019in g\u00f6reve gelmeden \u00f6nce vaat etti\u011fi projeler &hellip; <a href=\"https:\/\/akdenizolaygazetesi.com\/?p=9824\" class=\"more-link\">Devam\u0131n\u0131 Oku&#8230;<\/a><\/p>\n","protected":false},"author":2,"featured_media":9826,"comment_status":"open","ping_status":"open","sticky":false,"template":"","format":"standard","meta":[],"categories":[34,1,2,5],"tags":[],"_links":{"self":[{"href":"https:\/\/akdenizolaygazetesi.com\/index.php?rest_route=\/wp\/v2\/posts\/9824"}],"collection":[{"href":"https:\/\/akdenizolaygazetesi.com\/index.php?rest_route=\/wp\/v2\/posts"}],"about":[{"href":"https:\/\/akdenizolaygazetesi.com\/index.php?rest_route=\/wp\/v2\/types\/post"}],"author":[{"embeddable":true,"href":"https:\/\/akdenizolaygazetesi.com\/index.php?rest_route=\/wp\/v2\/users\/2"}],"replies":[{"embeddable":true,"href":"https:\/\/akdenizolaygazetesi.com\/index.php?rest_route=%2Fwp%2Fv2%2Fcomments&post=9824"}],"version-history":[{"count":1,"href":"https:\/\/akdenizolaygazetesi.com\/index.php?rest_route=\/wp\/v2\/posts\/9824\/revisions"}],"predecessor-version":[{"id":9825,"href":"https:\/\/akdenizolaygazetesi.com\/index.php?rest_route=\/wp\/v2\/posts\/9824\/revisions\/9825"}],"wp:featuredmedia":[{"embeddable":true,"href":"https:\/\/akdenizolaygazetesi.com\/index.php?rest_route=\/wp\/v2\/media\/9826"}],"wp:attachment":[{"href":"https:\/\/akdenizolaygazetesi.com\/index.php?rest_route=%2Fwp%2Fv2%2Fmedia&parent=9824"}],"wp:term":[{"taxonomy":"category","embeddable":true,"href":"https:\/\/akdenizolaygazetesi.com\/index.php?rest_route=%2Fwp%2Fv2%2Fcategories&post=9824"},{"taxonomy":"post_tag","embeddable":true,"href":"https:\/\/akdenizolaygazetesi.com\/index.php?rest_route=%2Fwp%2Fv2%2Ftags&post=9824"}],"curies":[{"name":"wp","href":"https:\/\/api.w.org\/{rel}","templated":true}]}}