{"id":9831,"date":"2020-12-27T11:39:51","date_gmt":"2020-12-27T08:39:51","guid":{"rendered":"http:\/\/akdenizolaygazetesi.com\/?p=9831"},"modified":"2020-12-27T11:40:35","modified_gmt":"2020-12-27T08:40:35","slug":"buyuksehir-zor-gunlerde-de-esnafin-yaninda","status":"publish","type":"post","link":"https:\/\/akdenizolaygazetesi.com\/?p=9831","title":{"rendered":"B\u00dcY\u00dcK\u015eEH\u0130R, ZOR G\u00dcNLERDE DE ESNAFIN YANINDA"},"content":{"rendered":"<p>Mersin B\u00fcy\u00fck\u015fehir Belediye Ba\u015fkan\u0131 Vahap Se\u00e7er, pandemi d\u00f6neminde ekonomik olarak dar bo\u011faza giren esnafa yeni y\u0131l m\u00fcjdeleri ile destek olmaya devam ediyor. Ba\u015fkan Se\u00e7er, esnaf i\u00e7in a\u00e7\u0131klad\u0131\u011f\u0131 desteklere de her ge\u00e7en g\u00fcn yenilerini ekliyor.<br \/>\nMersin B\u00fcy\u00fck\u015fehir Belediyesi, pandemi nedeniyle zor g\u00fcnler ge\u00e7iren esnafa can suyu niteli\u011finde bir karar daha ald\u0131. K\u0131sa bir s\u00fcre \u00f6nce, yay\u0131nlanan genelgeler nedeniyle kepenk kapatan esnafa i\u015f yerinin kapal\u0131 kald\u0131\u011f\u0131 s\u00fcre boyunca, evlerinin su borcunun 500 TL\u2019ye kadar olan k\u0131sm\u0131n\u0131 \u00f6deme karar\u0131 alan B\u00fcy\u00fck\u015fehir Belediyesi, yeni y\u0131l \u00f6ncesi de kirac\u0131s\u0131 olan esnaf\u0131n ma\u011fduriyetlerini azaltacak yeni \u00f6nlemleri a\u00e7\u0131klad\u0131.<br \/>\nB\u00fcy\u00fck\u015fehir faaliyetleri durdurulan i\u015fletmelerden 6 ay kira almayacak<br \/>\nB\u00fcy\u00fck\u015fehir Belediyesi, kepenk indiren esnaf\u0131n evlerinin 500 TL&#8217;ye kadar olan su faturas\u0131n\u0131 \u00f6deme deste\u011fini devam ettirirken, yeni y\u0131l \u00f6ncesinde a\u00e7\u0131klad\u0131\u011f\u0131 yeni kararlar ile de esnafa nefes ald\u0131r\u0131lacak uygulamalar\u0131 hayata ge\u00e7irmeye devam ediyor.<br \/>\nBa\u015fkan Se\u00e7er\u2019in \u00f6nc\u00fcl\u00fc\u011f\u00fcnde B\u00fcy\u00fck\u015fehir Belediyesi\u2019nin veya ba\u011fl\u0131 \u015firketlerin kirac\u0131s\u0131 olan ve faaliyetlerini durduran i\u015fletmeler ile faaliyetlerinin azald\u0131\u011f\u0131 belirlenen i\u015fletmelerin kiralar\u0131nda 2021 y\u0131l\u0131nda bir art\u0131\u015f yap\u0131lmayacak. B\u00fcy\u00fck\u015fehir Belediyesi ayr\u0131ca faaliyetleri durdurulan i\u015fletmelerden de 6 ay kira almayacak.<br \/>\nB\u00fcy\u00fck\u015fehir esnafa nefes ald\u0131r\u0131yor<br \/>\nG\u00f6rev s\u00fcresince esnafa sundu\u011fu desteklere bir yenisini daha ekleyen Ba\u015fkan Se\u00e7er\u2019in belediyenin veya ba\u011fl\u0131 \u015firketlerin kirac\u0131s\u0131 olan i\u015fyerlerini etkileyecek olan ve yeni y\u0131l m\u00fcjdesi olarak dikkat \u00e7eken destekleri \u015funlar:<br \/>\n-Mersin B\u00fcy\u00fck\u015fehir Belediyesi veya belediyeye ba\u011fl\u0131 \u015firketlerin kirac\u0131s\u0131 olan ve idari kararla i\u015fyerlerini kapatanlar ile faaliyetlerinde azalma oldu\u011fu B\u00fcy\u00fck\u015fehir Belediyesi taraf\u0131ndan belirlenen i\u015fletmelerin kiralar\u0131na 2021 y\u0131l\u0131nda hi\u00e7bir art\u0131\u015f yap\u0131lmayacak.  Daha \u00f6nceden yap\u0131l\u0131p 2021 y\u0131l\u0131na sarkan kira art\u0131\u015f\u0131 olmas\u0131 halinde, bunlar da zams\u0131z oranlar \u00fczerinden Ocak 2021\u2019den itibaren ba\u015flat\u0131lacak.<\/p>\n<p>-Bakanl\u0131k genelgeleri kapsam\u0131nda faaliyetlerini durdurmak zorunda kalan i\u015fletmelerden 6 ay boyunca kira al\u0131nmayacak. Ayr\u0131ca bu kirac\u0131lar\u0131n s\u00f6zle\u015fme s\u00fcreleri, kapal\u0131 kald\u0131klar\u0131 s\u00fcre kadar uzat\u0131lacak.<br \/>\n-Yine bakanl\u0131k genelgeleri d\u0131\u015f\u0131nda kal\u0131p, faaliyetlerinde B\u00fcy\u00fck\u015fehir Belediyesi taraf\u0131ndan azalma meydana geldi\u011fi belirlenen kirac\u0131lar\u0131n kiralar\u0131 6 ay s\u00fcreyle ertelenecek. Bu kirac\u0131lar, kiralar\u0131n\u0131 Temmuz 2021\u2019den itibaren 6 e\u015fit taksitte ve faizsiz \u00f6demeye ba\u015flayacak.<br \/>\n-Faaliyetleri idari kararlarla durdurulan kirac\u0131lar\u0131n, talep etmeleri halinde s\u00f6zle\u015fmeleri sonland\u0131r\u0131lacak.<br \/>\nYararlanmak isteyen esnaf yaz\u0131l\u0131 ba\u015fvuruda bulunacak<br \/>\nMersin B\u00fcy\u00fck\u015fehir Belediyesi taraf\u0131ndan sa\u011flanan bu imkanlardan yararlanmak isteyen esnaf, B\u00fcy\u00fck\u015fehir Belediyesi Emlak \u0130stimlak Daire Ba\u015fkanl\u0131\u011f\u0131\u2019na yaz\u0131l\u0131 olarak ba\u015fvurmalar\u0131 halinde yeni uygulamalardan yararlanabilecek.<br \/>\nBu konudaki t\u00fcm bilgilere Esnaf Odalar\u0131, MESDEM Esnaf Masas\u0131 veya ALO 185 TEKS\u0130N \u00c7a\u011fr\u0131 Merkezi\u2019ni arad\u0131ktan sonra 4\u2019\u00fc tu\u015flayarak ula\u015fabilecek.<\/p>\n","protected":false},"excerpt":{"rendered":"<p>Mersin B\u00fcy\u00fck\u015fehir Belediye Ba\u015fkan\u0131 Vahap Se\u00e7er, pandemi d\u00f6neminde ekonomik olarak dar bo\u011faza giren esnafa yeni y\u0131l m\u00fcjdeleri ile destek olmaya devam ediyor. Ba\u015fkan Se\u00e7er, esnaf i\u00e7in a\u00e7\u0131klad\u0131\u011f\u0131 desteklere de her &hellip; <a href=\"https:\/\/akdenizolaygazetesi.com\/?p=9831\" class=\"more-link\">Devam\u0131n\u0131 Oku&#8230;<\/a><\/p>\n","protected":false},"author":2,"featured_media":9833,"comment_status":"open","ping_status":"open","sticky":false,"template":"","format":"standard","meta":[],"categories":[7,34,1,3,5],"tags":[],"_links":{"self":[{"href":"https:\/\/akdenizolaygazetesi.com\/index.php?rest_route=\/wp\/v2\/posts\/9831"}],"collection":[{"href":"https:\/\/akdenizolaygazetesi.com\/index.php?rest_route=\/wp\/v2\/posts"}],"about":[{"href":"https:\/\/akdenizolaygazetesi.com\/index.php?rest_route=\/wp\/v2\/types\/post"}],"author":[{"embeddable":true,"href":"https:\/\/akdenizolaygazetesi.com\/index.php?rest_route=\/wp\/v2\/users\/2"}],"replies":[{"embeddable":true,"href":"https:\/\/akdenizolaygazetesi.com\/index.php?rest_route=%2Fwp%2Fv2%2Fcomments&post=9831"}],"version-history":[{"count":2,"href":"https:\/\/akdenizolaygazetesi.com\/index.php?rest_route=\/wp\/v2\/posts\/9831\/revisions"}],"predecessor-version":[{"id":9834,"href":"https:\/\/akdenizolaygazetesi.com\/index.php?rest_route=\/wp\/v2\/posts\/9831\/revisions\/9834"}],"wp:featuredmedia":[{"embeddable":true,"href":"https:\/\/akdenizolaygazetesi.com\/index.php?rest_route=\/wp\/v2\/media\/9833"}],"wp:attachment":[{"href":"https:\/\/akdenizolaygazetesi.com\/index.php?rest_route=%2Fwp%2Fv2%2Fmedia&parent=9831"}],"wp:term":[{"taxonomy":"category","embeddable":true,"href":"https:\/\/akdenizolaygazetesi.com\/index.php?rest_route=%2Fwp%2Fv2%2Fcategories&post=9831"},{"taxonomy":"post_tag","embeddable":true,"href":"https:\/\/akdenizolaygazetesi.com\/index.php?rest_route=%2Fwp%2Fv2%2Ftags&post=9831"}],"curies":[{"name":"wp","href":"https:\/\/api.w.org\/{rel}","templated":true}]}}