{"id":9846,"date":"2020-12-28T13:22:48","date_gmt":"2020-12-28T10:22:48","guid":{"rendered":"http:\/\/akdenizolaygazetesi.com\/?p=9846"},"modified":"2020-12-28T13:23:25","modified_gmt":"2020-12-28T10:23:25","slug":"baskan-yilmaz-yarismacilari-tebrik-etti","status":"publish","type":"post","link":"https:\/\/akdenizolaygazetesi.com\/?p=9846","title":{"rendered":"Ba\u015fkan Y\u0131lmaz, Yar\u0131\u015fmac\u0131lar\u0131 Tebrik Etti"},"content":{"rendered":"<p>Toroslar Belediyesi taraf\u0131ndan 3 Ocak Mersin&#8217;in D\u00fc\u015fman \u0130\u015fgalinden Kurtulu\u015funun 99&#8217;ncu y\u0131l d\u00f6n\u00fcm\u00fc etkinlikleri kapsam\u0131nda d\u00fczenlenen &#8216;3 Ocak Mersin&#8217;in Kurtulu\u015fu&#8217; konulu \u015fiir yar\u0131\u015fmas\u0131nda dereceye girenler belli oldu.<br \/>\nMersin ve il\u00e7elerinin yan\u0131 s\u0131ra T\u00fcrkiye&#8217;nin 32 \u015fehrinden toplam 79 eserin kat\u0131ld\u0131\u011f\u0131 yar\u0131\u015fman\u0131n sonu\u00e7lar\u0131 yap\u0131lan j\u00fcri de\u011ferlendirmesi sonucunda a\u00e7\u0131kland\u0131.<\/p>\n<p>Mersin Yazarlar Derne\u011fi (MEYAD) ile birlikte her y\u0131l geleneksel olarak organize edilen yar\u0131\u015fmada bu y\u0131l birincili\u011fi Mersin Yeni\u015fehir \u0130l\u00e7esinden Abdullah Co\u015fkun g\u00f6\u011f\u00fcsledi. \u0130kincili\u011fi, Mersin Tarsus \u0130l\u00e7esinden Mevl\u00fct Yavuz al\u0131rken, yar\u0131\u015fman\u0131n \u00fc\u00e7\u00fcnc\u00fcs\u00fc ise \u015eanl\u0131urfa\u2019n\u0131n Karak\u00f6pr\u00fc il\u00e7esinden Mustafa Sade oldu.<\/p>\n<p>Dereceye girenlerin isimleri ve \u015fiirleri, Toroslar Belediyesi&#8217;nin resmi web sitesi olan www.toroslar-bld.gov.tr adresinden ilan edilirken, birinciye tam alt\u0131n, ikinciye yar\u0131m alt\u0131n ve \u00fc\u00e7\u00fcnc\u00fcye ise \u00e7eyrek alt\u0131n verilecek.<\/p>\n<p>Ba\u015fkan Y\u0131lmaz, Yar\u0131\u015fmac\u0131lar\u0131 Tebrik Etti<\/p>\n<p>Toroslar Belediye Ba\u015fkan\u0131 Ats\u0131z Af\u015f\u0131n Y\u0131lmaz, T\u00fcrkiye genelinden yar\u0131\u015fmaya kat\u0131lan t\u00fcm yar\u0131\u015fmac\u0131lara te\u015fekk\u00fcr ederek, dereceye girenleri tebrik etti.<\/p>\n<p>Mersin\u2019in d\u00fc\u015fman i\u015fgalinden kurtulu\u015fu s\u0131ras\u0131nda verilen m\u00fccadeleyi anlatmak ve yeni nesillere tarih \u015fuuru a\u015f\u0131lamak amac\u0131yla organize edilen yar\u0131\u015fmaya kat\u0131l\u0131m\u0131n y\u00fcksek olmas\u0131n\u0131n gurur verici oldu\u011funu belirten Ba\u015fkan Y\u0131lmaz; &#8220;\u00dclkemizin d\u00f6rt bir yan\u0131ndan yar\u0131\u015fmam\u0131za kat\u0131larak Mersinimizin kurtulu\u015f m\u00fccadelesini \u015fiir sat\u0131rlar\u0131na d\u00f6ken t\u00fcm hem\u015fehrilerimize, yar\u0131\u015fmaya katk\u0131 veren Mersin Yazarlar Derne\u011fimize ve bir birinden g\u00fczel eserleri de\u011ferlendiren k\u0131ymetli j\u00fcri \u00fcyelerimize te\u015fekk\u00fcr ediyorum&#8221; dedi.<\/p>\n<p>Milli birlik ve beraberli\u011fin \u00f6nemine de vurgu yapan Ba\u015fkan Y\u0131lmaz; &#8220;Ulu \u00d6nderimiz Gazi Mustafa Kemal Atat\u00fcrk\u2019\u00fcn \u201cMersinliler, Mersin\u2019e sahip \u00e7\u0131k\u0131n\u0131z!\u201d diyerek seslendi\u011fi bu cennet \u015fehri  birlik, beraberlik i\u00e7erisinde devrald\u0131\u011f\u0131m\u0131z noktadan daha da yukar\u0131lara \u00e7\u0131kararak yeni nesle bu \u015fuuru aktarmaya devam edece\u011fiz. Emanete sahip \u00e7\u0131kmak hepimizin boynunun borcudur. Vatan ve millet u\u011fruna bedenlerini siper eden, candan ge\u00e7en, yardan ge\u00e7en, serden ge\u00e7en, bir hilal u\u011fruna hayattan ge\u00e7ip manevi muhaf\u0131z ve k\u0131lavuzumuz olan aziz \u015fehitlerimizi rahmetle, minnetle an\u0131yorum&#8221; diye konu\u015ftu.<\/p>\n","protected":false},"excerpt":{"rendered":"<p>Toroslar Belediyesi taraf\u0131ndan 3 Ocak Mersin&#8217;in D\u00fc\u015fman \u0130\u015fgalinden Kurtulu\u015funun 99&#8217;ncu y\u0131l d\u00f6n\u00fcm\u00fc etkinlikleri kapsam\u0131nda d\u00fczenlenen &#8216;3 Ocak Mersin&#8217;in Kurtulu\u015fu&#8217; konulu \u015fiir yar\u0131\u015fmas\u0131nda dereceye girenler belli oldu. Mersin ve il\u00e7elerinin yan\u0131 &hellip; <a href=\"https:\/\/akdenizolaygazetesi.com\/?p=9846\" class=\"more-link\">Devam\u0131n\u0131 Oku&#8230;<\/a><\/p>\n","protected":false},"author":2,"featured_media":9848,"comment_status":"open","ping_status":"open","sticky":false,"template":"","format":"standard","meta":[],"categories":[34,1,2,5],"tags":[],"_links":{"self":[{"href":"https:\/\/akdenizolaygazetesi.com\/index.php?rest_route=\/wp\/v2\/posts\/9846"}],"collection":[{"href":"https:\/\/akdenizolaygazetesi.com\/index.php?rest_route=\/wp\/v2\/posts"}],"about":[{"href":"https:\/\/akdenizolaygazetesi.com\/index.php?rest_route=\/wp\/v2\/types\/post"}],"author":[{"embeddable":true,"href":"https:\/\/akdenizolaygazetesi.com\/index.php?rest_route=\/wp\/v2\/users\/2"}],"replies":[{"embeddable":true,"href":"https:\/\/akdenizolaygazetesi.com\/index.php?rest_route=%2Fwp%2Fv2%2Fcomments&post=9846"}],"version-history":[{"count":2,"href":"https:\/\/akdenizolaygazetesi.com\/index.php?rest_route=\/wp\/v2\/posts\/9846\/revisions"}],"predecessor-version":[{"id":9849,"href":"https:\/\/akdenizolaygazetesi.com\/index.php?rest_route=\/wp\/v2\/posts\/9846\/revisions\/9849"}],"wp:featuredmedia":[{"embeddable":true,"href":"https:\/\/akdenizolaygazetesi.com\/index.php?rest_route=\/wp\/v2\/media\/9848"}],"wp:attachment":[{"href":"https:\/\/akdenizolaygazetesi.com\/index.php?rest_route=%2Fwp%2Fv2%2Fmedia&parent=9846"}],"wp:term":[{"taxonomy":"category","embeddable":true,"href":"https:\/\/akdenizolaygazetesi.com\/index.php?rest_route=%2Fwp%2Fv2%2Fcategories&post=9846"},{"taxonomy":"post_tag","embeddable":true,"href":"https:\/\/akdenizolaygazetesi.com\/index.php?rest_route=%2Fwp%2Fv2%2Ftags&post=9846"}],"curies":[{"name":"wp","href":"https:\/\/api.w.org\/{rel}","templated":true}]}}