{"id":987,"date":"2020-11-04T18:21:35","date_gmt":"2020-11-04T15:21:35","guid":{"rendered":"http:\/\/mersinekonomipolitikagazetesi.com\/?p=987"},"modified":"2020-11-04T18:21:35","modified_gmt":"2020-11-04T15:21:35","slug":"toroslarda-isci-bayrami-coskuyla-kutlandi","status":"publish","type":"post","link":"https:\/\/akdenizolaygazetesi.com\/?p=987","title":{"rendered":"Toroslar&#8217;da \u0130\u015f\u00e7i Bayram\u0131 co\u015fkuyla kutland\u0131"},"content":{"rendered":"<p>Toroslar Belediyesi i\u015f\u00e7ileri, 1 May\u0131s \u0130\u015f\u00e7i Bayram\u0131n\u0131 Belediye Ba\u015fkan\u0131 Hamit Tuna&#8217;n\u0131n kat\u0131l\u0131m\u0131yla piknik havas\u0131nda co\u015fkuyla kutlad\u0131.<\/p>\n<p><span style=\"color: rgb(0, 0, 0); font-family: Tahoma, Arial, 'Times New Roman TUR', Verdana; font-size: 15px; line-height: normal;\">1 May\u0131s \u0130\u015f\u00e7i Bayram\u0131 dolay\u0131s\u0131yla Toroslar Belediyesi taraf\u0131ndan Karaisal\u0131 Mahallesi&#8217;nde kutlama etkinli\u011fi d\u00fczenlendi. Belediye b\u00fcnyesinde \u00e7al\u0131\u015fan yakla\u015f\u0131k 400 i\u015f\u00e7inin aileleriyle birlikte kat\u0131ld\u0131\u011f\u0131 etkinli\u011fe, Toroslar Belediye Ba\u015fkan\u0131 Hamit Tuna&#8217;da kat\u0131larak i\u015f\u00e7ilerle birlikte <a href=\"http:\/\/www.eskortbayanatakoy.com\" title=\"atak\u00f6y escort\">atak\u00f6y escort<\/a> davul zurna e\u015fli\u011finde halay \u00e7ekti. \u0130\u015f\u00e7ilerin co\u015fkusuna ortak olan Tuna, burada yapt\u0131\u011f\u0131 konu\u015fmada, &#8220;\u0130\u015f\u00e7ilerin alt\u0131n teri kurumadan emeklerini almas\u0131 bizleri mutlu ediyor. Bu nedenle burada i\u015f\u00e7i karde\u015flerimizin her <a href=\"http:\/\/www.eskortbayanatakoy.com\" title=\"bak\u0131rk\u00f6y escort\">bak\u0131rk\u00f6y escort<\/a> zaman haklar\u0131n\u0131n yan\u0131nday\u0131z&#8221; dedi.<\/span><br style=\"color: rgb(0, 0, 0); font-family: Tahoma, Arial, 'Times New Roman TUR', Verdana; font-size: 15px; line-height: normal;\" \/><br \/>\n<span style=\"color: rgb(0, 0, 0); font-family: Tahoma, Arial, 'Times New Roman TUR', Verdana; font-size: 15px; line-height: normal;\">\u0130\u015f\u00e7ilerin bayram\u0131n\u0131 kutlayan Tuna, daha sonra haz\u0131rlanan kavurma, pilav ve tatl\u0131dan olu\u015fan yemekleri kendi elleriyle \u00e7al\u0131\u015fanlara da\u011f\u0131tt\u0131. Hamit Tuna&#8217;y\u0131 etkinlik alan\u0131na geli\u015finde Karaisal\u0131 Mahalle Muhtar\u0131 Musa Y\u0131lmaz \u00e7i\u00e7eklerle kar\u015f\u0131lad\u0131. Piknik havas\u0131nda devam eden etkinlikte belediye i\u015f\u00e7ileri g\u00f6n\u00fcllerince e\u011flenme f\u0131rsat\u0131 buldu.<\/span><\/p>\n","protected":false},"excerpt":{"rendered":"<p>Toroslar Belediyesi i\u015f\u00e7ileri, 1 May\u0131s \u0130\u015f\u00e7i Bayram\u0131n\u0131 Belediye Ba\u015fkan\u0131 Hamit Tuna&#8217;n\u0131n kat\u0131l\u0131m\u0131yla piknik havas\u0131nda co\u015fkuyla kutlad\u0131. 1 May\u0131s \u0130\u015f\u00e7i Bayram\u0131 dolay\u0131s\u0131yla Toroslar Belediyesi taraf\u0131ndan Karaisal\u0131 Mahallesi&#8217;nde kutlama etkinli\u011fi d\u00fczenlendi. Belediye &hellip; <a href=\"https:\/\/akdenizolaygazetesi.com\/?p=987\" class=\"more-link\">Devam\u0131n\u0131 Oku&#8230;<\/a><\/p>\n","protected":false},"author":1,"featured_media":0,"comment_status":"open","ping_status":"open","sticky":false,"template":"","format":"standard","meta":[],"categories":[],"tags":[],"_links":{"self":[{"href":"https:\/\/akdenizolaygazetesi.com\/index.php?rest_route=\/wp\/v2\/posts\/987"}],"collection":[{"href":"https:\/\/akdenizolaygazetesi.com\/index.php?rest_route=\/wp\/v2\/posts"}],"about":[{"href":"https:\/\/akdenizolaygazetesi.com\/index.php?rest_route=\/wp\/v2\/types\/post"}],"author":[{"embeddable":true,"href":"https:\/\/akdenizolaygazetesi.com\/index.php?rest_route=\/wp\/v2\/users\/1"}],"replies":[{"embeddable":true,"href":"https:\/\/akdenizolaygazetesi.com\/index.php?rest_route=%2Fwp%2Fv2%2Fcomments&post=987"}],"version-history":[{"count":0,"href":"https:\/\/akdenizolaygazetesi.com\/index.php?rest_route=\/wp\/v2\/posts\/987\/revisions"}],"wp:attachment":[{"href":"https:\/\/akdenizolaygazetesi.com\/index.php?rest_route=%2Fwp%2Fv2%2Fmedia&parent=987"}],"wp:term":[{"taxonomy":"category","embeddable":true,"href":"https:\/\/akdenizolaygazetesi.com\/index.php?rest_route=%2Fwp%2Fv2%2Fcategories&post=987"},{"taxonomy":"post_tag","embeddable":true,"href":"https:\/\/akdenizolaygazetesi.com\/index.php?rest_route=%2Fwp%2Fv2%2Ftags&post=987"}],"curies":[{"name":"wp","href":"https:\/\/api.w.org\/{rel}","templated":true}]}}