{"id":988,"date":"2020-11-04T18:21:35","date_gmt":"2020-11-04T15:21:35","guid":{"rendered":"http:\/\/mersinekonomipolitikagazetesi.com\/?p=988"},"modified":"2020-11-04T18:21:35","modified_gmt":"2020-11-04T15:21:35","slug":"mersinde-coskulu-1-mayis-kutlamasi","status":"publish","type":"post","link":"https:\/\/akdenizolaygazetesi.com\/?p=988","title":{"rendered":"Mersin\u2019de co\u015fkulu 1 May\u0131s kutlamas\u0131"},"content":{"rendered":"<p>Mersin halk\u0131 1 May\u0131s \u0130\u015f\u00e7i ve Emek\u00e7iler Bayram\u0131n\u0131 her sene oldu\u011fu gibi Cumhuriyet Alan\u0131nda b\u00fcy\u00fck bir co\u015fkuyla kutlad\u0131. Sabah saatlerinde ba\u015flayan hareketlilik \u00f6\u011flene do\u011fru yo\u011fun bir kalabal\u0131\u011fa d\u00f6n\u00fc\u015ferek renkli g\u00f6r\u00fcnt\u00fcler olu\u015fturdu. \u0130\u015f\u00e7iler kortej boyu mar\u015flar ve \u015fark\u0131lar s\u00f6yleyerek, sloganlar atarak Cumhuriyet Alan\u0131na kadar y\u00fcr\u00fcd\u00fcler.<\/p>\n<p class=\"x_MsoNormal\" style=\"margin-top: 0px; margin-bottom: 0px; color: rgb(0, 0, 0); font-family: Calibri, Arial, Helvetica, sans-serif; font-size: 16px; line-height: normal;\"><span style=\"font-size: 10pt;\">Fatma Sar\u0131kaya-\u00a01 May\u0131s kutlamalar\u0131 i\u00e7in toplanan gruplar Mersin\u2019in bir ka\u00e7 farkl\u0131 noktas\u0131nda bir araya gelerek \u00f6\u011flen saatlerine do\u011fru haz\u0131rl\u0131klar\u0131na ba\u015flad\u0131lar. Lise \u00f6\u011frencisinden emeklisine, kad\u0131n\u0131ndan erke\u011fine, i\u015f\u00e7isinden memuruna kadar her kesimden, her ya\u015ftan insan\u0131n bir araya gelerek kortejler halinde Cumhuriyet \u00a0Alan\u0131na do\u011fru y\u00fcr\u00fcd\u00fc. Y\u00fcr\u00fcy\u00fc\u015f izni olmad\u0131\u011f\u0131 i\u00e7in kald\u0131r\u0131mlardan y\u00fcr\u00fcmek zorunda kalan kortejle polis aras\u0131nda zaman zaman gerginlikler ya\u015fand\u0131. \u00d6\u011frenci \u0130nsisiyatifi\u2019nin haz\u0131rlam\u0131\u015f oldu\u011fu bir flamaya ise polis itiraz ederek kald\u0131r\u0131lmas\u0131n\u0131 istedi. Bunun \u00fczerine \u00d6\u011frenci \u0130nisiyatifi sak\u0131ncal\u0131 bulunan kelimelerin \u00fczerini boyayarak \u2018Yasakl\u0131\u2019 yaz\u0131s\u0131 yazarak durumu protesto etti.<\/span><\/p>\n<p class=\"x_MsoNormal\" style=\"margin-top: 0px; margin-bottom: 0px; color: rgb(0, 0, 0); font-family: Calibri, Arial, Helvetica, sans-serif; font-size: 16px; line-height: normal;\"><span style=\"font-size: 10pt;\">\u00a0<\/span><\/p>\n<p class=\"x_MsoNormal\" style=\"margin-top: 0px; margin-bottom: 0px; color: rgb(0, 0, 0); font-family: Calibri, Arial, Helvetica, sans-serif; font-size: 16px; line-height: normal;\"><span style=\"font-size: 10pt;\">1 May\u0131s kutlamalar\u0131na Halklar\u0131n Demokratik Kongresi, Haziran Hareketi, DEV-L\u0130S, TKH, Yol-\u0130\u015f, Kesk, T\u00fcm-Bel-Sen, Mersin Emek ve Demokrasi Platformu, Kamp\u00fcs Cad\u0131lar\u0131, CHP Mersin Gen\u00e7lik \u00d6rg\u00fct\u00fc, T\u00fcmtis Mersin \u015eubesi, Mersin Kad\u0131n Eme\u011fi Kolektifi, Hak-\u0130\u015f, Merhaba Sanat, Devrimci Parti, Liman-\u0130\u015f, Belediye-\u0130\u015f, Mersin LGBT 7 Renk Derne\u011fi, Mersin Barosu, Kald\u0131ra\u00e7, Mezopotamya Psikologlar\u0131, E\u011fitim-Sen, Emek ve Demokrasi Platformu, Ses Mersin \u015eubesi, Mersin T\u00d6K, \u00c7a\u011fda\u015f Ya\u015fam\u0131 Destekleme Derne\u011fi, Mersin Mali M\u00fc\u015favirler Odas\u0131, Yeni Ku\u015fak K\u00f6y Enstit\u00fcleri Derne\u011fi, Disk Genel-\u0130\u015f Sendikas\u0131, Birle\u015fik Metal-\u0130\u015f, HDP Mersin \u0130l \u00d6rg\u00fct\u00fc, Yeni\u015fehir Belediyesi Ta\u015feron \u0130\u015f\u00e7ileri ve \u00e7ok say\u0131da sendika ile \u00e7ok say\u0131da ki\u015fi kat\u0131ld\u0131.<\/span><\/p>\n<p class=\"x_MsoNormal\" style=\"margin-top: 0px; margin-bottom: 0px; color: rgb(0, 0, 0); font-family: Calibri, Arial, Helvetica, sans-serif; font-size: 16px; line-height: normal;\"><span style=\"font-size: 10pt;\">T\u00fcm sendika, dernek ve STK\u2019lar\u0131n alana girmesiyle birlikte i\u015f\u00e7iler, \u00f6\u011frenciler ve kutlamaya gelen herkes meydanda \u015fark\u0131lar s\u00f6yleyip, halaylar \u00e7ekerek 1 May\u0131s\u2019\u0131 b\u00fcy\u00fck bir co\u015fkuyla kutlad\u0131.\u00a0<\/span><\/p>\n<div>\u00a0<\/div>\n","protected":false},"excerpt":{"rendered":"<p>Mersin halk\u0131 1 May\u0131s \u0130\u015f\u00e7i ve Emek\u00e7iler Bayram\u0131n\u0131 her sene oldu\u011fu gibi Cumhuriyet Alan\u0131nda b\u00fcy\u00fck bir co\u015fkuyla kutlad\u0131. Sabah saatlerinde ba\u015flayan hareketlilik \u00f6\u011flene do\u011fru yo\u011fun bir kalabal\u0131\u011fa d\u00f6n\u00fc\u015ferek renkli g\u00f6r\u00fcnt\u00fcler &hellip; <a href=\"https:\/\/akdenizolaygazetesi.com\/?p=988\" class=\"more-link\">Devam\u0131n\u0131 Oku&#8230;<\/a><\/p>\n","protected":false},"author":1,"featured_media":0,"comment_status":"open","ping_status":"open","sticky":false,"template":"","format":"standard","meta":[],"categories":[],"tags":[],"_links":{"self":[{"href":"https:\/\/akdenizolaygazetesi.com\/index.php?rest_route=\/wp\/v2\/posts\/988"}],"collection":[{"href":"https:\/\/akdenizolaygazetesi.com\/index.php?rest_route=\/wp\/v2\/posts"}],"about":[{"href":"https:\/\/akdenizolaygazetesi.com\/index.php?rest_route=\/wp\/v2\/types\/post"}],"author":[{"embeddable":true,"href":"https:\/\/akdenizolaygazetesi.com\/index.php?rest_route=\/wp\/v2\/users\/1"}],"replies":[{"embeddable":true,"href":"https:\/\/akdenizolaygazetesi.com\/index.php?rest_route=%2Fwp%2Fv2%2Fcomments&post=988"}],"version-history":[{"count":0,"href":"https:\/\/akdenizolaygazetesi.com\/index.php?rest_route=\/wp\/v2\/posts\/988\/revisions"}],"wp:attachment":[{"href":"https:\/\/akdenizolaygazetesi.com\/index.php?rest_route=%2Fwp%2Fv2%2Fmedia&parent=988"}],"wp:term":[{"taxonomy":"category","embeddable":true,"href":"https:\/\/akdenizolaygazetesi.com\/index.php?rest_route=%2Fwp%2Fv2%2Fcategories&post=988"},{"taxonomy":"post_tag","embeddable":true,"href":"https:\/\/akdenizolaygazetesi.com\/index.php?rest_route=%2Fwp%2Fv2%2Ftags&post=988"}],"curies":[{"name":"wp","href":"https:\/\/api.w.org\/{rel}","templated":true}]}}