{"id":989,"date":"2020-11-04T18:21:35","date_gmt":"2020-11-04T15:21:35","guid":{"rendered":"http:\/\/mersinekonomipolitikagazetesi.com\/?p=989"},"modified":"2020-11-04T18:21:35","modified_gmt":"2020-11-04T15:21:35","slug":"akdenizli-cocuklar-ucmanin-keyfini-yasadi","status":"publish","type":"post","link":"https:\/\/akdenizolaygazetesi.com\/?p=989","title":{"rendered":"AKDEN\u0130ZL\u0130 \u00c7OCUKLAR U\u00c7MANIN KEYF\u0130N\u0130 YA\u015eADI"},"content":{"rendered":"<p>Akdeniz Belediyesi, hayatlar\u0131nda hi\u00e7 u\u00e7a\u011fa binmeyen \u00e7ocuklar i\u00e7in hafif motorlu hava arac\u0131 u\u00e7u\u015f etkinli\u011fi d\u00fczenlendi. Yo\u011fun ilgi g\u00f6ren etkinlikte Akdenizli \u00e7ocuklar, ilk kez u\u00e7man\u0131n keyif ve heyecan\u0131n\u0131 ya\u015fad\u0131. Etkinlikte ilk u\u00e7u\u015fu Ba\u015fkan G\u00fcltak ger\u00e7ekle\u015ftirdi.\u00a0<br \/>\nAkdeniz Belediyesi\u2019nin ev sahipli\u011fi ve organizesinde, Karacailyas Veteranlar Spor Kul\u00fcb\u00fc Derne\u011fi ile T\u00fcrkiye Hava Sporlar\u0131 Federasyonu\u2019nun deste\u011fiyle, Adanal\u0131o\u011flu sahilinde, \u00a0mikrolight adl\u0131 ara\u00e7 ile u\u00e7u\u015f etkinli\u011fi d\u00fczenlendi. Etkinli\u011fe Akdeniz Belediye Ba\u015fkan\u0131 M. Mustafa G\u00fcltak, ba\u015fkan yard\u0131mc\u0131lar\u0131, meclis \u00fcyeleri, birim amirleri, muhtarlar, sivil toplum \u00f6rg\u00fct\u00fc temsilcileri, \u00e7ocuklar ve aileleri kat\u0131ld\u0131.\u00a0<br \/>\nEtkinli\u011fin a\u00e7\u0131l\u0131\u015f\u0131nda bir konu\u015fma yapan Akdeniz Belediye Ba\u015fkan\u0131 M. Mustafa G\u00fcltak, dezavantajl\u0131 mahallelerde ya\u015fayan ba\u015far\u0131l\u0131 \u00f6\u011frencilere u\u00e7u\u015f duygusunu ya\u015fatmak ve havac\u0131l\u0131\u011f\u0131 sevdirmek istediklerini vurgulad\u0131, bu nedenle festival tad\u0131nda bir etkinlik d\u00fczenlediklerini s\u00f6yledi. Gazi Mustafa Kemal Atat\u00fcrk\u2019\u00fcn, \u201c\u0130stikbal G\u00f6klerdedir\u201d s\u00f6z\u00fcn\u00fc hat\u0131rlatan Ba\u015fkan G\u00fcltak, \u201cGer\u00e7ekten de g\u00fcn\u00fcm\u00fczde, g\u00f6ky\u00fcz\u00fcne h\u00e2kim olan medeniyetlerin, t\u00fcm d\u00fcnya medeniyetlerine h\u00e2kim olabildiklerini g\u00f6rmekteyiz\u201d dedi.<\/p>\n<p>\u201c\u00c7ocuklar\u0131m\u0131z ilk kez u\u00e7acaklar, ya\u015fad\u0131klar\u0131 \u015fehri havadan g\u00f6recekler\u201d<\/p>\n<p>Etkinlik boyunca toplam 400 \u00e7ocu\u011fu g\u00f6ky\u00fcz\u00fcyle bulu\u015fturmay\u0131 planlad\u0131klar\u0131n\u0131 kaydeden Ba\u015fkan G\u00fcltak; \u00e7ocuklar\u0131n yan\u0131 s\u0131ra isteyen t\u00fcm vatanda\u015flar\u0131n da mikrolight ile u\u00e7aca\u011f\u0131n\u0131 ifade ederek, \u201cMikrolight arac\u0131 ile bug\u00fcn hep beraber bir heyecan ya\u015fayaca\u011f\u0131z. Sportif, sanatsal ve k\u00fclt\u00fcrel etkinlikler, \u00e7ocuklar\u0131m\u0131z\u0131 uyu\u015fturucudan ve ter\u00f6r \u00f6rg\u00fctlerinden uzak tutar. S\u00f6z verdim, s\u00f6z\u00fcmde durdum. U\u00e7amayan \u00e7ocuklar\u0131m\u0131z bug\u00fcn ilk kez u\u00e7acak, ya\u015fad\u0131klar\u0131 \u015fehri de ilk kez havadan g\u00f6rm\u00fc\u015f olacaklar\u201d dedi.<br \/>\n\u00c7ocuklar\u0131n g\u00f6ky\u00fcz\u00fcnde tur keyfi, bir hafta s\u00fcrecek<br \/>\nKu\u015flar gibi g\u00f6ky\u00fcz\u00fcnde \u00f6zg\u00fcrce u\u00e7abilmenin, insano\u011flunun en b\u00fcy\u00fck hayallerinden biri oldu\u011funa da de\u011finen Ba\u015fkan G\u00fcltak, \u201c\u00c7\u00fcnk\u00fc u\u00e7mak ger\u00e7ekten de \u00f6zg\u00fcrl\u00fckt\u00fcr. Bizler de bug\u00fcn, dezavantajl\u0131 durumdaki ba\u015far\u0131l\u0131 \u00e7ocuklar\u0131m\u0131z\u0131n bu hayalini ger\u00e7ekle\u015ftiriyoruz.\u00a0<br \/>\nHafif motorlu u\u00e7u\u015f arac\u0131 ile y\u00fczlerce \u00e7ocu\u011fumuz, g\u00f6ky\u00fcz\u00fcnde adeta ku\u015flar gibi \u00f6zg\u00fcrce u\u00e7abilecek. B\u00f6ylece bug\u00fcne dek imkans\u0131z sand\u0131klar\u0131 bir hayalleri ger\u00e7ekle\u015fmi\u015f olacak. Bu g\u00fczel etkinli\u011fimiz bir hafta boyunca devam edecek. Eme\u011fi ge\u00e7en herkese te\u015fekk\u00fcr ediyorum\u201d diye konu\u015ftu.\u00a0<\/p>\n<p>\u201cMahallelere portatif y\u00fczme havuzlar\u0131 kuraca\u011f\u0131z, t\u00fcm tesislerimizi yenileyece\u011fiz\u201d<\/p>\n<p>Ba\u015fkan Mustafa G\u00fcltak; Akdeniz\u2019de; fark\u0131ndal\u0131k olu\u015fturan sosyal projelerin devam edece\u011fini ifade ederek \u015f\u00f6yle konu\u015ftu; \u201cNitekim yak\u0131n bir s\u00fcre\u00e7te 4 mahallemize portatif y\u00fczme havuzlar\u0131 kuraca\u011f\u0131z. B\u00f6ylece daha \u00f6nce hi\u00e7 havuzda y\u00fczme \u015fans\u0131 bulamayan \u00e7ocuklar\u0131m\u0131za bu keyfi ya\u015fataca\u011f\u0131z.\u00a0<br \/>\nAyr\u0131ca Akdeniz Y\u0131lmaz G\u00fcney Park\u0131 ve Tesisleri Yenileme Projemizi de ba\u015flatt\u0131k. Bu park\u0131m\u0131zda bulunan ancak ge\u00e7mi\u015fte at\u0131l b\u0131rak\u0131lan y\u00fczme havuzu ile ni\u015fan-d\u00fc\u011f\u00fcn t\u00f6renlerinin yap\u0131labilece\u011fi tesisimizi bu y\u0131l yenileyerek yeniden halk\u0131m\u0131za kazand\u0131raca\u011f\u0131z. Ayr\u0131ca tesisin i\u00e7ine bir a\u015fevi de yapt\u0131raca\u011f\u0131z.\u201d<\/p>\n<p>Konu\u015fmalar\u0131n ard\u0131ndan hafif motorlu hava arac\u0131na binen Ba\u015fkan Mustafa G\u00fcltak, Akdeniz il\u00e7esini havadan gezerek mahalleleri inceledi. Ba\u015fkan G\u00fcltak&#8217;\u0131n ard\u0131ndan da \u00e7ocuklar, s\u0131rayla hava arac\u0131na binerek hem u\u00e7man\u0131n hem de havadan ya\u015fad\u0131klar\u0131 il\u00e7eyi g\u00f6rmenin keyif ve heyecan\u0131n\u0131 ya\u015fad\u0131.\u00a0<br \/>\nBu keyfi ya\u015fayan \u00e7ocuklardan biri olan 14 ya\u015f\u0131ndaki K\u00e2tibe \u015eahuto\u011flu, ilk kez bir hava arac\u0131na bindi\u011fini ifade ederek; \u201cHi\u00e7 korkmad\u0131m ama \u00e7ok heyecanland\u0131m. Pilot olmay\u0131 istiyordum. Bug\u00fcn burada u\u00e7tuktan sonra bu karar\u0131m kesinle\u015fti. U\u00e7arken kendimi \u00e7ok iyi hissettim\u201d s\u00f6zleriyle duygular\u0131n\u0131 dile getirdi.\u00a0<br \/>\nMikrolight arac\u0131yla g\u00f6ky\u00fcz\u00fcn\u00fc dola\u015fan Enes Akelma adl\u0131 \u00e7ocuk da ilk kez u\u00e7tu\u011funu belirterek, \u201cU\u00e7mak ger\u00e7ekten \u00e7ok g\u00fczel bir duyguydu. A\u011fa\u00e7lar\u0131, seralar\u0131, denizi havadan g\u00f6rd\u00fcm, \u00e7ok g\u00fczeldi\u201d diye konu\u015ftu.<br \/>\nBir hafta boyunca devam edecek etkinlikte \u00e7ocuklar, hafif motorlu u\u00e7u\u015f arac\u0131 ile g\u00f6ky\u00fcz\u00fcnde \u00f6zg\u00fcrce s\u00fcz\u00fclmenin keyfini ya\u015fayacak.<\/p>\n","protected":false},"excerpt":{"rendered":"<p>Akdeniz Belediyesi, hayatlar\u0131nda hi\u00e7 u\u00e7a\u011fa binmeyen \u00e7ocuklar i\u00e7in hafif motorlu hava arac\u0131 u\u00e7u\u015f etkinli\u011fi d\u00fczenlendi. Yo\u011fun ilgi g\u00f6ren etkinlikte Akdenizli \u00e7ocuklar, ilk kez u\u00e7man\u0131n keyif ve heyecan\u0131n\u0131 ya\u015fad\u0131. Etkinlikte ilk &hellip; <a href=\"https:\/\/akdenizolaygazetesi.com\/?p=989\" class=\"more-link\">Devam\u0131n\u0131 Oku&#8230;<\/a><\/p>\n","protected":false},"author":1,"featured_media":0,"comment_status":"open","ping_status":"open","sticky":false,"template":"","format":"standard","meta":[],"categories":[],"tags":[],"_links":{"self":[{"href":"https:\/\/akdenizolaygazetesi.com\/index.php?rest_route=\/wp\/v2\/posts\/989"}],"collection":[{"href":"https:\/\/akdenizolaygazetesi.com\/index.php?rest_route=\/wp\/v2\/posts"}],"about":[{"href":"https:\/\/akdenizolaygazetesi.com\/index.php?rest_route=\/wp\/v2\/types\/post"}],"author":[{"embeddable":true,"href":"https:\/\/akdenizolaygazetesi.com\/index.php?rest_route=\/wp\/v2\/users\/1"}],"replies":[{"embeddable":true,"href":"https:\/\/akdenizolaygazetesi.com\/index.php?rest_route=%2Fwp%2Fv2%2Fcomments&post=989"}],"version-history":[{"count":0,"href":"https:\/\/akdenizolaygazetesi.com\/index.php?rest_route=\/wp\/v2\/posts\/989\/revisions"}],"wp:attachment":[{"href":"https:\/\/akdenizolaygazetesi.com\/index.php?rest_route=%2Fwp%2Fv2%2Fmedia&parent=989"}],"wp:term":[{"taxonomy":"category","embeddable":true,"href":"https:\/\/akdenizolaygazetesi.com\/index.php?rest_route=%2Fwp%2Fv2%2Fcategories&post=989"},{"taxonomy":"post_tag","embeddable":true,"href":"https:\/\/akdenizolaygazetesi.com\/index.php?rest_route=%2Fwp%2Fv2%2Ftags&post=989"}],"curies":[{"name":"wp","href":"https:\/\/api.w.org\/{rel}","templated":true}]}}