{"id":991,"date":"2020-11-04T18:21:35","date_gmt":"2020-11-04T15:21:35","guid":{"rendered":"http:\/\/mersinekonomipolitikagazetesi.com\/?p=991"},"modified":"2020-11-04T18:21:35","modified_gmt":"2020-11-04T15:21:35","slug":"anamurda-1-mayis-coskuyla-kutlandi","status":"publish","type":"post","link":"https:\/\/akdenizolaygazetesi.com\/?p=991","title":{"rendered":"Anamur&#8217;da 1 May\u0131s co\u015fkuyla kutland\u0131"},"content":{"rendered":"<p>Mersin\u00b4in Anamur il\u00e7esinde 1 May\u0131s Emek ve Dayan\u0131\u015fma G\u00fcn\u00fc co\u015fkuyla kutland\u0131.<\/p>\n<p><span style=\"color: rgb(0, 0, 0); font-family: Tahoma, Arial, 'Times New Roman TUR', Verdana; font-size: 15px; line-height: normal;\">Yeni Cumhuriyet Meydan\u0131na kortej olarak s\u0131rayla Do\u011fan Tekin Ba\u015fkanl\u0131\u011f\u0131nda E\u011fitim-Sen, Hamit Durna ba\u015fkanl\u0131\u011f\u0131ndaki Sa\u011fl\u0131k Emek\u00e7ileri Sendikas\u0131 ve CHP Anamur \u0130l\u00e7e Ba\u015fkan\u0131 Ayhan G\u00fcven\u00b4in \u00f6nc\u00fcl\u00fc\u011f\u00fcndeki CHP ile \u00e7e\u015fitli gruplar alana giri\u015f yapt\u0131.<\/span><br style=\"color: rgb(0, 0, 0); font-family: Tahoma, Arial, 'Times New Roman TUR', Verdana; font-size: 15px; line-height: normal;\" \/><br \/>\n<span style=\"color: rgb(0, 0, 0); font-family: Tahoma, Arial, 'Times New Roman TUR', Verdana; font-size: 15px; line-height: normal;\">Program\u0131n meydandaki sayg\u0131 duru\u015fu ve \u0130stiklal Mar\u015f\u0131n\u0131n okunmas\u0131 ile ba\u015flayan b\u00f6l\u00fcm\u00fcne Belediye Ba\u015fkan\u0131 Mehmet T\u00fcre de kat\u0131ld\u0131. SES Anamur \u015eube Ba\u015fkan\u0131 Hamit Durna yapt\u0131\u011f\u0131 konu\u015fmada d\u00fcnyan\u0131n d\u00f6rt bir yan\u0131ndaki milyonlarca i\u015f\u00e7i <a href=\"http:\/\/www.hotelsclubantalya.com\/\" title=\"Antalya Escort\">Antalya EScort<\/a> i\u00e7in emek\u00e7i i\u00e7in, t\u00fcm ezilenler ve yok say\u0131lanlar i\u00e7in her 1 May\u0131s&#8217;\u0131n, birli\u011fin, m\u00fccadelenin ve dayan\u0131\u015fman\u0131n g\u00fcc\u00fcyle umudun b\u00fcy\u00fct\u00fcld\u00fc\u011f\u00fc g\u00fcn oldu\u011funu ifade etti. Kutlamalar, \u00e7ekilen halaylar ve s\u00f6ylenen t\u00fcrk\u00fclerle sona erdi.<\/span><\/p>\n","protected":false},"excerpt":{"rendered":"<p>Mersin\u00b4in Anamur il\u00e7esinde 1 May\u0131s Emek ve Dayan\u0131\u015fma G\u00fcn\u00fc co\u015fkuyla kutland\u0131. Yeni Cumhuriyet Meydan\u0131na kortej olarak s\u0131rayla Do\u011fan Tekin Ba\u015fkanl\u0131\u011f\u0131nda E\u011fitim-Sen, Hamit Durna ba\u015fkanl\u0131\u011f\u0131ndaki Sa\u011fl\u0131k Emek\u00e7ileri Sendikas\u0131 ve CHP Anamur &hellip; <a href=\"https:\/\/akdenizolaygazetesi.com\/?p=991\" class=\"more-link\">Devam\u0131n\u0131 Oku&#8230;<\/a><\/p>\n","protected":false},"author":1,"featured_media":0,"comment_status":"open","ping_status":"open","sticky":false,"template":"","format":"standard","meta":[],"categories":[],"tags":[],"_links":{"self":[{"href":"https:\/\/akdenizolaygazetesi.com\/index.php?rest_route=\/wp\/v2\/posts\/991"}],"collection":[{"href":"https:\/\/akdenizolaygazetesi.com\/index.php?rest_route=\/wp\/v2\/posts"}],"about":[{"href":"https:\/\/akdenizolaygazetesi.com\/index.php?rest_route=\/wp\/v2\/types\/post"}],"author":[{"embeddable":true,"href":"https:\/\/akdenizolaygazetesi.com\/index.php?rest_route=\/wp\/v2\/users\/1"}],"replies":[{"embeddable":true,"href":"https:\/\/akdenizolaygazetesi.com\/index.php?rest_route=%2Fwp%2Fv2%2Fcomments&post=991"}],"version-history":[{"count":0,"href":"https:\/\/akdenizolaygazetesi.com\/index.php?rest_route=\/wp\/v2\/posts\/991\/revisions"}],"wp:attachment":[{"href":"https:\/\/akdenizolaygazetesi.com\/index.php?rest_route=%2Fwp%2Fv2%2Fmedia&parent=991"}],"wp:term":[{"taxonomy":"category","embeddable":true,"href":"https:\/\/akdenizolaygazetesi.com\/index.php?rest_route=%2Fwp%2Fv2%2Fcategories&post=991"},{"taxonomy":"post_tag","embeddable":true,"href":"https:\/\/akdenizolaygazetesi.com\/index.php?rest_route=%2Fwp%2Fv2%2Ftags&post=991"}],"curies":[{"name":"wp","href":"https:\/\/api.w.org\/{rel}","templated":true}]}}