{"id":992,"date":"2020-11-04T18:21:35","date_gmt":"2020-11-04T15:21:35","guid":{"rendered":"http:\/\/mersinekonomipolitikagazetesi.com\/?p=992"},"modified":"2020-11-04T18:21:35","modified_gmt":"2020-11-04T15:21:35","slug":"filmmor-halaylarla-sona-erdi","status":"publish","type":"post","link":"https:\/\/akdenizolaygazetesi.com\/?p=992","title":{"rendered":"Filmmor halaylarla sona erdi"},"content":{"rendered":"<p>15. Uluslararas\u0131 Gezici Filmmor Kad\u0131n Filmleri Festivali iki g\u00fcnl\u00fck etkinli\u011fin ard\u0131ndan sona erdi. \u2018Feminist De\u011filim Ama&#8230;\u2019 s\u00f6yleyi\u015fiyle kapan\u0131\u015f\u0131 yapan festivalde kad\u0131nlar \u015fark\u0131lar s\u00f6yleyip, halay \u00e7ekerek kad\u0131n dayan\u0131\u015fmas\u0131n\u0131 kutlad\u0131.<\/p>\n<p class=\"x_MsoNormal\" style=\"margin-top: 0px; margin-bottom: 0px; color: rgb(0, 0, 0); font-family: Calibri, Arial, Helvetica, sans-serif; font-size: 16px; line-height: normal;\"><span style=\"font-size: 10pt; font-family: Calibri;\">Fato\u015f\u00a0Sar\u0131kaya- Kongre ve Sergi Saray\u0131\u2019nda iki g\u00fcn boyunca s\u00fcren Filmmor Kad\u0131n Filmleri Festivali\u2019nde bir \u00e7ok filmin yan\u0131nda s\u00f6yle\u015filer de ger\u00e7ekle\u015fti. Erk egemen film sekt\u00f6r\u00fcne kar\u015f\u0131 feminist bir alternatif olan Filmmor\u2019da T\u00fcrkiye\u2019den <a href=\"http:\/\/www.konyaaltisahil.com\/\" title=\"Konyaalti Escort\">Konyaalti EScort<\/a> ve d\u00fcnyadan 8 film kad\u0131nlarla bulu\u015ftu. Festivalin kapan\u0131\u015f etkinli\u011fi ise \u2018Feminist De\u011filim Ama&#8230;\u2019 s\u00f6yle\u015fisi oldu. S\u00f6yle\u015fiye KADER Genel Y\u00f6netim Kurulu \u00dcyesi Yasemin Bekta\u015f ve avukat H\u00fclya G\u00fclbahar kat\u0131larak; kad\u0131nlar\u0131n ev i\u00e7i eme\u011fi, bo\u015fanma komisyonu, cinsiyet ayr\u0131m\u0131, patriarka, kad\u0131nlar\u0131n kendilerine neden \u201cBen feministim\u201d demekten \u00e7ekindikleri ve T\u00fcrkiye\u2019deki \u2018Feminist\u201d d\u00fc\u015f\u00fcnceyle ilgili bak\u0131\u015f a\u00e7\u0131lar\u0131 konu\u015fuldu.<\/span><\/p>\n<p class=\"x_MsoNormal\" style=\"margin-top: 0px; margin-bottom: 0px; color: rgb(0, 0, 0); font-family: Calibri, Arial, Helvetica, sans-serif; font-size: 16px; line-height: normal;\"><span style=\"font-size: 10pt; font-family: Calibri;\">\u00a0<\/span><\/p>\n<p class=\"x_MsoNormal\" style=\"margin-top: 0px; margin-bottom: 0px; color: rgb(0, 0, 0); font-family: Calibri, Arial, Helvetica, sans-serif; font-size: 16px; line-height: normal;\"><span style=\"font-size: 10pt; font-family: Calibri;\">Filmmor ile ilgili konu\u015fan Avukat H\u00fclya G\u00fclbahar, bu y\u0131l Filmmor Gezici Film Festivali\u2019nin OHAL\u2019de zor ko\u015fullar alt\u0131nda d\u00fczenlendi\u011fini vurgulayarak \u201cGe\u00e7ti\u011fimiz y\u0131ldan \u00e7ok daha canl\u0131 ve heyecanl\u0131 bir kat\u0131l\u0131m oldu\u011funu g\u00f6zlemledim. Kad\u0131nlar bulu\u015fman\u0131n ve sanatta bulu\u015fman\u0131n ne kadar anlaml\u0131 bir direni\u015f oldu\u011funu <a href=\"http:\/\/www.konyaaltisahil.com\/\" title=\"Escort Konyaalti\">Escort Konyaalti<\/a> bu etkinli\u011fe her zamankinden daha \u00e7ok kat\u0131larak, daha \u00e7ok film izleyerek g\u00f6stermi\u015f oldu. \u00d6zellikle festivalin kapan\u0131\u015f \u015fehri olan Mersin\u2019deki kad\u0131n kat\u0131l\u0131m\u0131 izdiham denecek d\u00fczeydeydi. 100 ki\u015fi kapasiteli salon onlarca kad\u0131n yerlerde oturdu\u011fu halde yetmedi, 100\u2019\u00fcn \u00fczerinde kad\u0131n salona giremedi. Burada Mersinli kad\u0131nlar\u0131n ortak kad\u0131n \u00e7al\u0131\u015fmas\u0131n\u0131 kendi siyasal g\u00f6r\u00fc\u015flerinin d\u0131\u015f\u0131nda ve \u00fczerinde tutma becerisinin rol\u00fc var.\u201d \u015feklinde konu\u015ftu.<\/span><\/p>\n<p class=\"x_MsoNormal\" style=\"margin-top: 0px; margin-bottom: 0px; color: rgb(0, 0, 0); font-family: Calibri, Arial, Helvetica, sans-serif; font-size: 16px; line-height: normal;\"><span style=\"font-size: 10pt; font-family: Calibri;\">\u00a0<\/span><\/p>\n<p class=\"x_MsoNormal\" style=\"margin-top: 0px; margin-bottom: 0px; color: rgb(0, 0, 0); font-family: Calibri, Arial, Helvetica, sans-serif; font-size: 16px; line-height: normal;\"><span style=\"font-size: 10pt; font-family: Calibri;\">S\u00f6yle\u015fiden sonra kad\u0131nlar \u015fark\u0131 s\u00f6yleyip, halay \u00e7ekerek festivalin biti\u015fini kutlad\u0131.<\/span><\/p>\n<p class=\"x_MsoNormal\" style=\"margin-top: 0px; margin-bottom: 0px; color: rgb(0, 0, 0); font-family: Calibri, Arial, Helvetica, sans-serif; font-size: 16px; line-height: normal;\"><span style=\"font-size: 10pt;\">\u00a0<\/span><\/p>\n","protected":false},"excerpt":{"rendered":"<p>15. Uluslararas\u0131 Gezici Filmmor Kad\u0131n Filmleri Festivali iki g\u00fcnl\u00fck etkinli\u011fin ard\u0131ndan sona erdi. \u2018Feminist De\u011filim Ama&#8230;\u2019 s\u00f6yleyi\u015fiyle kapan\u0131\u015f\u0131 yapan festivalde kad\u0131nlar \u015fark\u0131lar s\u00f6yleyip, halay \u00e7ekerek kad\u0131n dayan\u0131\u015fmas\u0131n\u0131 kutlad\u0131. Fato\u015f\u00a0Sar\u0131kaya- Kongre &hellip; <a href=\"https:\/\/akdenizolaygazetesi.com\/?p=992\" class=\"more-link\">Devam\u0131n\u0131 Oku&#8230;<\/a><\/p>\n","protected":false},"author":1,"featured_media":0,"comment_status":"open","ping_status":"open","sticky":false,"template":"","format":"standard","meta":[],"categories":[],"tags":[],"_links":{"self":[{"href":"https:\/\/akdenizolaygazetesi.com\/index.php?rest_route=\/wp\/v2\/posts\/992"}],"collection":[{"href":"https:\/\/akdenizolaygazetesi.com\/index.php?rest_route=\/wp\/v2\/posts"}],"about":[{"href":"https:\/\/akdenizolaygazetesi.com\/index.php?rest_route=\/wp\/v2\/types\/post"}],"author":[{"embeddable":true,"href":"https:\/\/akdenizolaygazetesi.com\/index.php?rest_route=\/wp\/v2\/users\/1"}],"replies":[{"embeddable":true,"href":"https:\/\/akdenizolaygazetesi.com\/index.php?rest_route=%2Fwp%2Fv2%2Fcomments&post=992"}],"version-history":[{"count":0,"href":"https:\/\/akdenizolaygazetesi.com\/index.php?rest_route=\/wp\/v2\/posts\/992\/revisions"}],"wp:attachment":[{"href":"https:\/\/akdenizolaygazetesi.com\/index.php?rest_route=%2Fwp%2Fv2%2Fmedia&parent=992"}],"wp:term":[{"taxonomy":"category","embeddable":true,"href":"https:\/\/akdenizolaygazetesi.com\/index.php?rest_route=%2Fwp%2Fv2%2Fcategories&post=992"},{"taxonomy":"post_tag","embeddable":true,"href":"https:\/\/akdenizolaygazetesi.com\/index.php?rest_route=%2Fwp%2Fv2%2Ftags&post=992"}],"curies":[{"name":"wp","href":"https:\/\/api.w.org\/{rel}","templated":true}]}}