{"id":996,"date":"2020-11-04T18:21:35","date_gmt":"2020-11-04T15:21:35","guid":{"rendered":"http:\/\/mersinekonomipolitikagazetesi.com\/?p=996"},"modified":"2020-11-04T18:21:35","modified_gmt":"2020-11-04T15:21:35","slug":"asut","status":"publish","type":"post","link":"https:\/\/akdenizolaygazetesi.com\/?p=996","title":{"rendered":"A\u015fut;"},"content":{"rendered":"<p>Mersin Ticaret ve Sanayi Odas\u0131 (MTSO) Ba\u015fkan\u0131 \u015eerafettin A\u015fut, i\u015f d\u00fcnyas\u0131n\u0131n s\u00fcrekli siyasetin merkezinde olmamas\u0131 ve daha \u00e7ok ekonomi g\u00fcndemini izlemesi gerekti\u011fini belirterek, &#8220;Siyasete de\u011fil 21. y\u00fczy\u0131l\u0131n ger\u00e7eklerine odaklanal\u0131m&#8221; dedi.<\/p>\n<p><span style=\"color: rgb(0, 0, 0); font-family: Tahoma, Arial, 'Times New Roman TUR', Verdana; font-size: 15px; line-height: normal;\">A\u015fut, yapt\u0131\u011f\u0131 yaz\u0131l\u0131 a\u00e7\u0131klamada, i\u015f d\u00fcnyas\u0131n\u0131n art\u0131k siyasi g\u00fcndemi bir kenara b\u0131rakarak i\u015f, a\u015f ve ekonomiye odaklanmas\u0131 gerekti\u011fini s\u00f6yledi. \u0130\u015f adamlar\u0131n\u0131n \u00f6ncelikli g\u00f6revlerinin ekonomi, i\u015f ve a\u015f oldu\u011funu vurgulayan A\u015fut, &#8220;Elbette siyasetle temas\u0131m\u0131z olacak. Ancak, bu temas olumsuz siyasetin ayr\u0131mc\u0131 ve kutupla\u015ft\u0131ran, partizan k\u0131sm\u0131 ile ilgili de\u011fil, daha \u00e7ok yap\u0131c\u0131, yol a\u00e7an, birle\u015ftiren ve \u00e7\u00f6z\u00fcm odakl\u0131 k\u0131sm\u0131 ile ilgili olmal\u0131d\u0131r. Bu anlamda, siyaset \u00fcst\u00fc kurumlar olan ticaret ve sanayi Odalar\u0131n\u0131n yan\u0131nda, i\u015f d\u00fcnyas\u0131 ile ilgili sivil toplum kurulu\u015flar\u0131n\u0131n da art\u0131k kendilerini k\u00fc\u00e7\u00fck \u00e7\u0131kar guruplar\u0131 olarak g\u00f6rmeyi b\u0131rakmalar\u0131 ve ekonomik bir vizyon ve misyona y\u00f6nelmeleri, ekonomik projelere odaklanmalar\u0131 gerekir. E\u011fer ger\u00e7ek g\u00fcndem ekonomi olmal\u0131, i\u015f ve a\u015f olmal\u0131, ihracat olmal\u0131 diyorsak, \u00f6nce i\u015f d\u00fcnyas\u0131n\u0131n, STK\u2019lar\u0131n ve odalar\u0131n siyaseti de\u011fil, ekonomiyi odak noktas\u0131 yapmalar\u0131 gerekmektedir&#8221; diye konu\u015ftu.<\/span><br style=\"color: rgb(0, 0, 0); font-family: Tahoma, Arial, 'Times New Roman TUR', Verdana; font-size: 15px; line-height: normal;\" \/><br \/>\n<span style=\"color: rgb(0, 0, 0); font-family: Tahoma, Arial, 'Times New Roman TUR', Verdana; font-size: 15px; line-height: normal;\">&#8220;Siyasete de\u011fil, 21.y\u00fczy\u0131l\u0131n ger\u00e7eklerine odaklanal\u0131m&#8221;<\/span><br style=\"color: rgb(0, 0, 0); font-family: Tahoma, Arial, 'Times New Roman TUR', Verdana; font-size: 15px; line-height: normal;\" \/><br \/>\n<span style=\"color: rgb(0, 0, 0); font-family: Tahoma, Arial, 'Times New Roman TUR', Verdana; font-size: 15px; line-height: normal;\">Sadece siyaset konu\u015farak ekonomik geli\u015fme elde edilemeyece\u011fini dile getiren A\u015fut, i\u015fte bundan dolay\u0131 MTSO olarak \u00fclkeyi gelece\u011fe ta\u015f\u0131yacak olan ger\u00e7eklere odaklanmay\u0131, enerjilerini buna harcamay\u0131 daha ak\u0131lc\u0131 bulduklar\u0131n\u0131 ifade ederek, &#8220;Sonu\u00e7ta siyaset elbette \u00fclkemiz i\u00e7in \u00e7ok \u00f6nemli olsa da ekonomide \u00fclkemizi gelece\u011fe ta\u015f\u0131yacak olan ger\u00e7eklere odaklanmad\u0131k\u00e7a, sadece siyaset \u00e7\u00f6z\u00fcm olmayacakt\u0131r. Dahas\u0131, k\u00fcresel ekonomiye entegre bir \u00fclke ve kent iseniz, yerel ve ulusal siyasetle g\u00fcnleri ge\u00e7irmek sadece bu rekabette geri kalman\u0131z anlam\u0131na gelecektir. Bundan dolay\u0131 Mersin i\u015f d\u00fcnyas\u0131 olarak bizler yeni \u00e7a\u011fla y\u00fczle\u015febilmek ve ayakta kalabilmek i\u00e7in, ekonomiye ba\u011fl\u0131 refah ve huzurumuzu gelece\u011fe sa\u011flam bir \u015fekilde ta\u015f\u0131yabilmek ve gelecekte var olabilmek i\u00e7in 21. y\u00fczy\u0131l\u0131n bizden talep etti\u011fi \u015feylere odaklanmay\u0131 en \u00f6nemli g\u00f6rev olarak g\u00f6r\u00fcyoruz. Bu anlamda MTSO olarak<\/span><br style=\"color: rgb(0, 0, 0); font-family: Tahoma, Arial, 'Times New Roman TUR', Verdana; font-size: 15px; line-height: normal;\" \/><br \/>\n<span style=\"color: rgb(0, 0, 0); font-family: Tahoma, Arial, 'Times New Roman TUR', Verdana; font-size: 15px; line-height: normal;\">t\u00fcm projelerimizi buna g\u00f6re yap\u0131yoruz, bunlar\u0131n fark\u0131ndal\u0131\u011f\u0131n\u0131 olu\u015fturmaya \u00e7al\u0131\u015f\u0131yoruz. \u00dcreten kent olmak, ihracat yapan kent olmak, sekt\u00f6rlerinde katma de\u011fer yaratan, verimli bir kent olmak, yenilik\u00e7ili\u011fi yakalayan bir kent olmak hedeflerimizdir&#8221; \u015feklinde konu\u015ftu.<\/span><br style=\"color: rgb(0, 0, 0); font-family: Tahoma, Arial, 'Times New Roman TUR', Verdana; font-size: 15px; line-height: normal;\" \/><br \/>\n<span style=\"color: rgb(0, 0, 0); font-family: Tahoma, Arial, 'Times New Roman TUR', Verdana; font-size: 15px; line-height: normal;\">&#8220;Mersin\u2019in ba\u015far\u0131lar\u0131n\u0131 es ge\u00e7memeliyiz&#8221;<\/span><br style=\"color: rgb(0, 0, 0); font-family: Tahoma, Arial, 'Times New Roman TUR', Verdana; font-size: 15px; line-height: normal;\" \/><br \/>\n<span style=\"color: rgb(0, 0, 0); font-family: Tahoma, Arial, 'Times New Roman TUR', Verdana; font-size: 15px; line-height: normal;\">MTSO olarak bu konuda \u00f6nemli \u00e7al\u0131\u015fmalar yapt\u0131klar\u0131n\u0131 aktaran A\u015fut, \u015f\u00f6yle devam etti; &#8220;T\u00fcrkiye son 15 y\u0131lda y\u00fcksek teknolojili \u00fcretimini iki kat artt\u0131r\u0131rken, Mersin son birka\u00e7 y\u0131lda bunu iki kat art\u0131rabilmi\u015fse bunun arkas\u0131nda yatan \u015fey i\u015fte bu \u00e7abad\u0131r. \u0130novasyon kelimesi T\u00fcrkiye\u2019de bilinmezken, Mersin 2005-2006\u2019da T\u00fcrkiye\u2019nin ilk b\u00f6lgesel inovasyon projesi R\u0130S-Mersin\u2019i haz\u0131rlad\u0131. Yenilik\u00e7ili\u011fi ekonomisine soktu. Ortak ak\u0131l toplant\u0131lar\u0131na 11 y\u0131l \u00f6nce ba\u015flad\u0131. SWOT analizlerine 11 y\u0131l \u00f6nce ba\u015flad\u0131. T\u00fcrkiye daha bug\u00fcn End\u00fcstri 4.0\u2019\u0131 duymaya ba\u015fl\u0131yor, Mersin iki sene \u00f6nce bunu g\u00fcndeme getirdi. \u00dc\u00e7 sene \u00f6nce 3-D taray\u0131c\u0131 ve yaz\u0131c\u0131y\u0131 imalat\u00e7\u0131lar\u0131n\u0131n hizmetine sunan, i\u00e7inde \u00e7a\u011f\u0131n imalat devriminin temeli olan tersine m\u00fchendisli\u011fi uygulamaya ald\u0131 ve kurdu\u011fu Tedarik Zinciri Test ve Ar-Ge Laboratuvar\u0131 ile imalat\u00e7\u0131s\u0131na tasar\u0131m dahil hizmet vermeye ba\u015flad\u0131. E\u011fer Mersin tarihin en b\u00fcy\u00fck ekonomik krizlerinden biri olan 2008 k\u00fcresel finans  <a href=\"http:\/\/www.maviyolculukbodrum.net\/\" title=\"bodrum escort bul\">bodrum escort bul<\/a> krizinden sonra bile ihracat\u0131n\u0131 d\u00fc\u015f\u00fcrmediyse, kent ihracat -ithalat dengesinde cari a\u00e7\u0131k vermediyse, yani ihracat\u0131 her zaman ithalat\u0131ndan fazla bir kent olduysa, 2010-2011\u2019de UMEM gibi bir projede pilot b\u00f6lge olarak bile T\u00fcrkiye\u2019nin istihdam \u015fampiyonu olabildiyse, \u00e7evre \u00fclkelerdeki s\u0131k\u0131nt\u0131lara, pazarlar\u0131m\u0131zdaki &#8216;Arap Bahar\u0131&#8217;na ra\u011fmen ihracata devam edebildiyse, y\u00fcksek teknoloji \u00fcretimdeki ihracat\u0131n\u0131 y\u00fczde 3\u2019lere \u00e7\u0131kartabildiyse, \u00fclke i\u00e7indeki ter\u00f6r, deprem ve d\u0131\u015f\u0131m\u0131zdaki Suriye\u2019deki s\u0131k\u0131nt\u0131lar\u0131n ard\u0131ndan say\u0131s\u0131 y\u00fcz binleri a\u015fan g\u00f6\u00e7men ve s\u0131\u011f\u0131nmac\u0131ya kucak a\u00e7\u0131p, i\u015f ve a\u015f verip <a href=\"http:\/\/www.maviyolculukbodrum.net\/\" title=\"bodrum escort\">bodrum escort<\/a> ve bunlar\u0131 huzur i\u00e7inde kucaklayabildiyse bunun arkas\u0131nda i\u015fte Mersin i\u015f d\u00fcnyas\u0131n\u0131n i\u015fine odaklanma vizyonu vard\u0131r. Siyaset yerine d\u00fcnyan\u0131n ger\u00e7eklerine odaklanma felsefesi vard\u0131r. Mersin giri\u015fimcisinin k\u00fcresel vizyonu vard\u0131r. Mersin i\u015f d\u00fcnyas\u0131n\u0131n bilgiye verdi\u011fi \u00f6nem vard\u0131r.&#8221;<\/span><br style=\"color: rgb(0, 0, 0); font-family: Tahoma, Arial, 'Times New Roman TUR', Verdana; font-size: 15px; line-height: normal;\" \/><br \/>\n<span style=\"color: rgb(0, 0, 0); font-family: Tahoma, Arial, 'Times New Roman TUR', Verdana; font-size: 15px; line-height: normal;\">&#8220;Mersin\u2019in g\u00fcndemi bellidir, ekonomi, i\u015f ve a\u015f&#8221;<\/span><br style=\"color: rgb(0, 0, 0); font-family: Tahoma, Arial, 'Times New Roman TUR', Verdana; font-size: 15px; line-height: normal;\" \/><br \/>\n<span style=\"color: rgb(0, 0, 0); font-family: Tahoma, Arial, 'Times New Roman TUR', Verdana; font-size: 15px; line-height: normal;\">2019\u2019da yine bir se\u00e7imin olaca\u011f\u0131n\u0131, yine bir siyaset s\u00fcrecinin ya\u015fanaca\u011f\u0131n\u0131 ve yine g\u00fcndem siyaset olaca\u011f\u0131n\u0131 hat\u0131rlatan A\u015fut, ancak Mersin&#8217;in, siyaseti sand\u0131\u011fa gidince yapan bir kent olmas\u0131 gerekti\u011fini vurgulayarak, &#8220;Sand\u0131k g\u00fcn\u00fc herkes demokrasinin gere\u011fi olan tercihini yapacakt\u0131r. Biz Mersin i\u015f d\u00fcnyas\u0131 olarak 2019\u2019a kadar yine ekonomi diyece\u011fiz, daha katma de\u011ferli nas\u0131l \u00fcretiriz, daha \u00e7ok nas\u0131l ihracat yapar\u0131z, sekt\u00f6rlerimizi &#8216;End\u00fcstri 4.0\u2019a nas\u0131l entegre ederiz, verimlili\u011fi nas\u0131l sa\u011flar\u0131z, interneti, bilgi ve ileti\u015fim teknolojilerini ekonomiye ve firmalara nas\u0131l entegre ederiz, e-ticaret, e-ihracat, e-lojistik gibi yenilik\u00e7iliklerle giri\u015fimcilerimizi nas\u0131l bulu\u015ftururuz, insan kayna\u011f\u0131m\u0131z\u0131 gelece\u011fin ekonomisine nas\u0131l haz\u0131r hale getiririz, mesleki e\u011fitimdeki &#8216;End\u00fcstri 4.0&#8217; d\u00f6n\u00fc\u015f\u00fcm\u00fcn\u00fc nas\u0131l yapar\u0131z, k\u0131sacas\u0131 21. y\u00fczy\u0131l\u0131n d\u00fcnyas\u0131 ile nas\u0131l y\u00fczle\u015firiz buna odaklanaca\u011f\u0131z. G\u00fcndemimiz bunlar olacakt\u0131r. \u00c7\u00fcnk\u00fc bunlar varl\u0131k nedenimizdir, refah\u0131m\u0131zd\u0131r, toplumsal huzurumuzdur&#8221; ifadelerini kulland\u0131.<\/span><br style=\"color: rgb(0, 0, 0); font-family: Tahoma, Arial, 'Times New Roman TUR', Verdana; font-size: 15px; line-height: normal;\" \/><br \/>\n\u00a0<\/p>\n","protected":false},"excerpt":{"rendered":"<p>Mersin Ticaret ve Sanayi Odas\u0131 (MTSO) Ba\u015fkan\u0131 \u015eerafettin A\u015fut, i\u015f d\u00fcnyas\u0131n\u0131n s\u00fcrekli siyasetin merkezinde olmamas\u0131 ve daha \u00e7ok ekonomi g\u00fcndemini izlemesi gerekti\u011fini belirterek, &#8220;Siyasete de\u011fil 21. y\u00fczy\u0131l\u0131n ger\u00e7eklerine odaklanal\u0131m&#8221; dedi. &hellip; <a href=\"https:\/\/akdenizolaygazetesi.com\/?p=996\" class=\"more-link\">Devam\u0131n\u0131 Oku&#8230;<\/a><\/p>\n","protected":false},"author":1,"featured_media":0,"comment_status":"open","ping_status":"open","sticky":false,"template":"","format":"standard","meta":[],"categories":[],"tags":[],"_links":{"self":[{"href":"https:\/\/akdenizolaygazetesi.com\/index.php?rest_route=\/wp\/v2\/posts\/996"}],"collection":[{"href":"https:\/\/akdenizolaygazetesi.com\/index.php?rest_route=\/wp\/v2\/posts"}],"about":[{"href":"https:\/\/akdenizolaygazetesi.com\/index.php?rest_route=\/wp\/v2\/types\/post"}],"author":[{"embeddable":true,"href":"https:\/\/akdenizolaygazetesi.com\/index.php?rest_route=\/wp\/v2\/users\/1"}],"replies":[{"embeddable":true,"href":"https:\/\/akdenizolaygazetesi.com\/index.php?rest_route=%2Fwp%2Fv2%2Fcomments&post=996"}],"version-history":[{"count":0,"href":"https:\/\/akdenizolaygazetesi.com\/index.php?rest_route=\/wp\/v2\/posts\/996\/revisions"}],"wp:attachment":[{"href":"https:\/\/akdenizolaygazetesi.com\/index.php?rest_route=%2Fwp%2Fv2%2Fmedia&parent=996"}],"wp:term":[{"taxonomy":"category","embeddable":true,"href":"https:\/\/akdenizolaygazetesi.com\/index.php?rest_route=%2Fwp%2Fv2%2Fcategories&post=996"},{"taxonomy":"post_tag","embeddable":true,"href":"https:\/\/akdenizolaygazetesi.com\/index.php?rest_route=%2Fwp%2Fv2%2Ftags&post=996"}],"curies":[{"name":"wp","href":"https:\/\/api.w.org\/{rel}","templated":true}]}}